{"id":120682,"date":"2024-09-25T15:10:14","date_gmt":"2024-09-25T18:10:14","guid":{"rendered":"https:\/\/www.actualidadadiario.com\/?p=120682"},"modified":"2024-09-25T15:10:14","modified_gmt":"2024-09-25T18:10:14","slug":"mexico-asegura-que-no-invita-al-rey-de-espana-por-no-haber-respondido-a-la-peticion-de-perdon-sobre-la-conquista","status":"publish","type":"post","link":"https:\/\/www.actualidadadiario.com\/index.php\/2024\/09\/25\/mexico-asegura-que-no-invita-al-rey-de-espana-por-no-haber-respondido-a-la-peticion-de-perdon-sobre-la-conquista\/","title":{"rendered":"M\u00e9xico asegura que no invita al Rey de Espa\u00f1a por no haber respondido a la petici\u00f3n de perd\u00f3n sobre la conquista"},"content":{"rendered":"<p style=\"text-align: center;\"><em><strong>Como ya ped\u00eda la carta de L\u00f3pez Obrador, Sheinbaum exige que Espa\u00f1a reconozca de manera p\u00fablica los abusos cometidos contra los pueblos originarios durante la colonizaci\u00f3n<\/strong><\/em><\/p>\n<p>&nbsp;<\/p>\n<p>&nbsp;<\/p>\n<p>La presidenta electa de M\u00e9xico, Claudia Sheinbaum, explic\u00f3 este mi\u00e9rcoles que no invit\u00f3 al rey de Espa\u00f1a, Felipe VI, a su ceremonia de investidura, el 1 de octubre, porque el monarca no respondi\u00f3 a la carta del actual mandatario, Andr\u00e9s Manuel L\u00f3pez Obrador, para pedir perd\u00f3n por la conquista.<\/p>\n<p>\u201cLamentablemente, dicha misiva no mereci\u00f3 respuesta alguna de forma directa, como hubiera correspondido a la mejor pr\u00e1ctica diplom\u00e1tica de las relaciones bilaterales. En cambio, parte de la carta se filtr\u00f3 en medios de comunicaci\u00f3n\u201d, asegur\u00f3 Sheinbaum en un comunicado.<\/p>\n<p>La futura mandataria, quien dijo haber recibido una llamada \u201chace un par de d\u00edas\u201d del presidente del Gobierno espa\u00f1ol, Pedro S\u00e1nchez, para conversar \u201csobre el particular\u201d, reaccion\u00f3 as\u00ed al anuncio de Espa\u00f1a del martes sobre no enviar a ning\u00fan representante a su toma de posesi\u00f3n por haber excluido a Felipe VI de la invitaci\u00f3n a ese acto.<\/p>\n<p>Sheinbaum argument\u00f3 que solo invit\u00f3 a S\u00e1nchez porque el monarca no respondi\u00f3 a la carta que L\u00f3pez Obrador le envi\u00f3 el 1 de marzo de 2019 para solicitar que, ante la celebraci\u00f3n de los 200 a\u00f1os de independencia de M\u00e9xico, \u201cexprese de manera p\u00fablica y oficial el reconocimiento de los agravios causados\u201d por la conquista.<\/p>\n<p>La pr\u00f3xima gobernante mexicana critic\u00f3 la falta de respuesta, la filtraci\u00f3n de la misiva y que \u00fanicamente el \u201cMinisterio de Asuntos Exteriores de Espa\u00f1a realiz\u00f3 un comunicado de prensa\u201d. \u201cHasta el momento, esa circunstancia no ha sido aclarada ni respondida de forma directa al Gobierno de M\u00e9xico\u201d, se\u00f1al\u00f3.<\/p>\n<p>Pese a las circunstancias, Sheinbaum reconoci\u00f3 que \u201cM\u00e9xico y Espa\u00f1a comparten una s\u00f3lida relaci\u00f3n de amistad, con importantes v\u00ednculos econ\u00f3micos, tur\u00edsticos y culturales\u201d, al recordar que el pa\u00eds latinoamericano \u201cfue un aliado solidario y un destino generoso para muchos espa\u00f1oles republicanos\u201d en la guerra civil espa\u00f1ola.<\/p>\n<p>Pero insisti\u00f3 en la legitimidad de la petici\u00f3n de M\u00e9xico sobre que Espa\u00f1a reconozca de manera p\u00fablica los abusos cometidos contra los pueblos originarios durante la colonizaci\u00f3n, como ella ya hab\u00eda solicitado en julio pasado.<\/p>\n<p>\u201cPrecisamente por todo ello, nuestra relaci\u00f3n se beneficiar\u00eda con una renovada perspectiva hist\u00f3rica, acorde al desarrollo de nuestros pueblos y en la que el reconocimiento cabal a nuestras identidades sea el eje de una relaci\u00f3n respetuosa, s\u00f3lida y fruct\u00edfera\u201d, remarc\u00f3.<\/p>\n<p>La falta de un representante de Espa\u00f1a en la investidura de Sheinbaum es un nuevo momento de tensi\u00f3n bilateral desde que L\u00f3pez Obrador declarara en febrero de 2022 una \u201cpausa\u201d en las relaciones por los abusos que \u00e9l denuncia que cometieron las empresas espa\u00f1olas en M\u00e9xico, en particular del sector energ\u00e9tico.<\/p>\n<p>La ministra de Defensa, Margarita Robles, ha asegurado hoy mismo que el Gobierno no puede aceptar que se excluya al Rey\u00a0 y por eso Espa\u00f1a no estar\u00e1 representada en el acto, algo que ha sentido \u201cmuch\u00edsimo\u201d porque el pueblo mexicano es \u201chermano\u201d.<\/p>\n<p>\u201cEl jefe del Estado, el rey, va siempre a las tomas de posesi\u00f3n y no podemos aceptar que en este caso se le excluya y si se excluye al jefe del Estado, Espa\u00f1a no va a estar representada\u201d, ha se\u00f1alado la ministra en declaraciones a los medios de comunicaci\u00f3n en los pasillos del Congreso.<\/p>\n<p>&nbsp;<\/p>\n<p><strong>Sumar cierra filas con el PSOE<\/strong><\/p>\n<p>Por su parte, Sumar ha cerrado filas con el PSOE. \u201cLa decisi\u00f3n de quien conforma la representaci\u00f3n de Espa\u00f1a en el exterior le pertenece al ministerio de Asuntos Exteriores -cuyo titular es Jos\u00e9 Manuel Albares (PSOE)- y nosotros, como parte del Gobierno, la respetamos\u201d, ha resumido el portavoz de Sumar, \u00cd\u00f1igo Errej\u00f3n.<\/p>\n<p>La decisi\u00f3n, tomada tras una reuni\u00f3n de urgencia de la direcci\u00f3n del grupo parlamentario confederal, fija una postura com\u00fan ante las evidentes discrepancias que ha motivado la aceptaci\u00f3n de la ausencia de un representante del Gobierno por el hecho de que la Corona haya sido excluida.<\/p>\n<p>\u201cOtra vez comprobamos que la monarqu\u00eda es una anacr\u00f3nica carga que nos da problemas cuando no ruboriza\u201d (&#8230;) \u201cNo podemos faltar en la toma de posesi\u00f3n de un gobierno progresista y feminista\u201d, hab\u00edan expresado previamente el portavoz del Partido Comunista, Enrique Santiago, y la diputada de M\u00e1s Madrid, Tesh Sidi. Pero, como ha subrayado Errej\u00f3n, Sumar acatar\u00e1 la decisi\u00f3n adoptada por el PSOE.<\/p>\n<p>El portavoz del PP, Borja S\u00e9mper, ha exigido a M\u00e9xico \u201crespeto\u201d a Espa\u00f1a y ha recalcado que si el Rey no est\u00e1 invitado, Espa\u00f1a \u201cno est\u00e1 invitada\u201d.<\/p>\n<p>En declaraciones en los pasillos del Congreso, S\u00e9mper ha resaltado que \u201csu majestad el Rey es el representante, l\u00f3gicamente y si su majestad el Rey no est\u00e1 invitado, Espa\u00f1a no est\u00e1 invitada. Respeto a su majestad el Rey y un respeto a Espa\u00f1a\u201d, ha manifestado el dirigente del PP a los periodistas.<\/p>\n<p>Por contra, la secretaria general de Podemos, Ione Belarra, ha asegurado que M\u00e9xico no invit\u00f3 a Felipe VI porque el Rey \u201ces un problema para las relaciones internacionales\u201d.<\/p>\n<p>As\u00ed se ha pronunciado Belarra en el Congreso, donde dijo que a su grupo le preocupa \u201cenormemente\u201d que \u201cel Gobierno est\u00e9 atando sus relaciones internacionales con las relaciones de la monarqu\u00eda y del Rey\u201d, en casos como el de M\u00e9xico.<\/p>\n<p>Asimismo, ha criticado que el Rey fuese \u201ca cara de perro a Bolivia\u201d y cometiera, a su juicio, \u201cuna falta de respeto enorme en la toma de posesi\u00f3n\u201d del presidente de Colombia, Gustavo Petro, al no levantarse \u201cante la espada de Bol\u00edvar\u201d, con lo que Belarra considera que tuvo la intenci\u00f3n de \u201chumillar\u201d al mandatario colombiano.<\/p>\n<p>\u201c\u00a1Viva M\u00e9xico, cabrones!\u201d, ha exclamado, por su parte, el portavoz de Esquerra Republicana en el Congreso, Gabriel Rufi\u00e1n, al ser preguntado por la decisi\u00f3n del Gobierno espa\u00f1ol. Rufi\u00e1n ha recordado esta frase que, ha se\u00f1alado, dicen los mexicanos en el d\u00eda de su independencia y en canciones y que \u201cviene al pelo\u201d.<\/p>\n","protected":false},"excerpt":{"rendered":"<p>Como ya ped\u00eda la carta de L\u00f3pez Obrador, Sheinbaum exige que Espa\u00f1a reconozca de manera p\u00fablica los abusos cometidos contra los pueblos originarios durante la colonizaci\u00f3n &nbsp; &nbsp; La presidenta electa de M\u00e9xico, Claudia Sheinbaum, explic\u00f3 este mi\u00e9rcoles que no invit\u00f3 al rey de Espa\u00f1a, Felipe VI, a su ceremonia de investidura, el 1 de octubre, porque el monarca no respondi\u00f3 a la carta del actual mandatario, Andr\u00e9s Manuel L\u00f3pez Obrador, para pedir perd\u00f3n por la conquista. \u201cLamentablemente, dicha misiva no mereci\u00f3 respuesta alguna de forma directa, como hubiera correspondido&#8230;<\/p>\n","protected":false},"author":3,"featured_media":120683,"comment_status":"closed","ping_status":"closed","sticky":false,"template":"","format":"standard","meta":[],"categories":[4],"tags":[],"_links":{"self":[{"href":"https:\/\/www.actualidadadiario.com\/index.php\/wp-json\/wp\/v2\/posts\/120682"}],"collection":[{"href":"https:\/\/www.actualidadadiario.com\/index.php\/wp-json\/wp\/v2\/posts"}],"about":[{"href":"https:\/\/www.actualidadadiario.com\/index.php\/wp-json\/wp\/v2\/types\/post"}],"author":[{"embeddable":true,"href":"https:\/\/www.actualidadadiario.com\/index.php\/wp-json\/wp\/v2\/users\/3"}],"replies":[{"embeddable":true,"href":"https:\/\/www.actualidadadiario.com\/index.php\/wp-json\/wp\/v2\/comments?post=120682"}],"version-history":[{"count":1,"href":"https:\/\/www.actualidadadiario.com\/index.php\/wp-json\/wp\/v2\/posts\/120682\/revisions"}],"predecessor-version":[{"id":120684,"href":"https:\/\/www.actualidadadiario.com\/index.php\/wp-json\/wp\/v2\/posts\/120682\/revisions\/120684"}],"wp:featuredmedia":[{"embeddable":true,"href":"https:\/\/www.actualidadadiario.com\/index.php\/wp-json\/wp\/v2\/media\/120683"}],"wp:attachment":[{"href":"https:\/\/www.actualidadadiario.com\/index.php\/wp-json\/wp\/v2\/media?parent=120682"}],"wp:term":[{"taxonomy":"category","embeddable":true,"href":"https:\/\/www.actualidadadiario.com\/index.php\/wp-json\/wp\/v2\/categories?post=120682"},{"taxonomy":"post_tag","embeddable":true,"href":"https:\/\/www.actualidadadiario.com\/index.php\/wp-json\/wp\/v2\/tags?post=120682"}],"curies":[{"name":"wp","href":"https:\/\/api.w.org\/{rel}","templated":true}]}}