{"id":120679,"date":"2024-09-25T15:09:10","date_gmt":"2024-09-25T18:09:10","guid":{"rendered":"https:\/\/www.actualidadadiario.com\/?p=120679"},"modified":"2024-09-25T15:09:10","modified_gmt":"2024-09-25T18:09:10","slug":"protestas-en-estados-unidos-contra-la-guerra-en-medio-oriente","status":"publish","type":"post","link":"https:\/\/www.actualidadadiario.com\/index.php\/2024\/09\/25\/protestas-en-estados-unidos-contra-la-guerra-en-medio-oriente\/","title":{"rendered":"Protestas en Estados Unidos contra la guerra en Medio Oriente"},"content":{"rendered":"<p style=\"text-align: center;\"><em><strong>San Francisco, Seattle, San Antonio y Phoenix, entre otras ciudades, tambi\u00e9n eran epicentro de la efervescencia anti belicista<\/strong><\/em><\/p>\n<p>&nbsp;<\/p>\n<p>&nbsp;<\/p>\n<p>Manifestantes en algunas ciudades de Estados Unidos protestaron en las \u00faltimas horas contra el apoyo militar que ese pa\u00eds ofreci\u00f3 a Israel, en medio de crecientes riesgos de un conflicto en toda regla en Oriente Medio.<\/p>\n<p>Adem\u00e1s, seg\u00fan informaron medios internacionales, activistas contra la guerra exigieron un embargo de armas contra el aliado de Estados Unidos.<\/p>\n<p>Decenas de manifestantes se reunieron en Herald Square en la ciudad de Nueva York el martes por la noche, mostrando portaban pancartas que dec\u00edan: &#8220;Manos fuera del L\u00edbano ahora&#8221; y &#8220;No a la guerra entre Estados Unidos e Israel en el L\u00edbano&#8221;.<\/p>\n<p>Sali\u00f3 a la calle el grupo de coalici\u00f3n ANSWER, que significa &#8220;Actuar ahora para detener la guerra y poner fin al racismo&#8221;, de acuerdo con una informaci\u00f3n que difundieron la agencia de noticias Reuters y NBC News.<\/p>\n<p>Los manifestantes corearon &#8220;Manos fuera de Medio Oriente&#8221;, &#8220;Palestina libre&#8221; y &#8220;Biden, Harris, Trump y Bibi; ninguno es bienvenido en nuestra ciudad&#8221;, en referencia al presidente de los Estados Unidos, Joe Biden, la Vicepresidenta, Kamala Harris, el expresidente Donald Trump y el primer ministro de Israel, Benjamin Netanyahu.<\/p>\n<p>Una protesta m\u00e1s peque\u00f1a con lemas y pancartas similares tambi\u00e9n se vio cerca de la Casa Blanca en Washington.<\/p>\n<p>&#8220;Los ataques de Israel en el L\u00edbano y el asedio y genocidio en curso en Gaza son posibles gracias a la enorme cantidad de bombas, misiles y aviones de guerra proporcionados por el gobierno de Estados Unidos&#8221;, afirm\u00f3 el grupo de coalici\u00f3n ANSWER en un comunicado.<\/p>\n<p>San Francisco, Seattle, San Antonio y Phoenix, entre otras ciudades, tambi\u00e9n eran epicentro de esa efervescencia anti belicista.<\/p>\n","protected":false},"excerpt":{"rendered":"<p>San Francisco, Seattle, San Antonio y Phoenix, entre otras ciudades, tambi\u00e9n eran epicentro de la efervescencia anti belicista &nbsp; &nbsp; Manifestantes en algunas ciudades de Estados Unidos protestaron en las \u00faltimas horas contra el apoyo militar que ese pa\u00eds ofreci\u00f3 a Israel, en medio de crecientes riesgos de un conflicto en toda regla en Oriente Medio. Adem\u00e1s, seg\u00fan informaron medios internacionales, activistas contra la guerra exigieron un embargo de armas contra el aliado de Estados Unidos. Decenas de manifestantes se reunieron en Herald Square en la ciudad de Nueva York&#8230;<\/p>\n","protected":false},"author":3,"featured_media":120680,"comment_status":"closed","ping_status":"closed","sticky":false,"template":"","format":"standard","meta":[],"categories":[4],"tags":[],"_links":{"self":[{"href":"https:\/\/www.actualidadadiario.com\/index.php\/wp-json\/wp\/v2\/posts\/120679"}],"collection":[{"href":"https:\/\/www.actualidadadiario.com\/index.php\/wp-json\/wp\/v2\/posts"}],"about":[{"href":"https:\/\/www.actualidadadiario.com\/index.php\/wp-json\/wp\/v2\/types\/post"}],"author":[{"embeddable":true,"href":"https:\/\/www.actualidadadiario.com\/index.php\/wp-json\/wp\/v2\/users\/3"}],"replies":[{"embeddable":true,"href":"https:\/\/www.actualidadadiario.com\/index.php\/wp-json\/wp\/v2\/comments?post=120679"}],"version-history":[{"count":1,"href":"https:\/\/www.actualidadadiario.com\/index.php\/wp-json\/wp\/v2\/posts\/120679\/revisions"}],"predecessor-version":[{"id":120681,"href":"https:\/\/www.actualidadadiario.com\/index.php\/wp-json\/wp\/v2\/posts\/120679\/revisions\/120681"}],"wp:featuredmedia":[{"embeddable":true,"href":"https:\/\/www.actualidadadiario.com\/index.php\/wp-json\/wp\/v2\/media\/120680"}],"wp:attachment":[{"href":"https:\/\/www.actualidadadiario.com\/index.php\/wp-json\/wp\/v2\/media?parent=120679"}],"wp:term":[{"taxonomy":"category","embeddable":true,"href":"https:\/\/www.actualidadadiario.com\/index.php\/wp-json\/wp\/v2\/categories?post=120679"},{"taxonomy":"post_tag","embeddable":true,"href":"https:\/\/www.actualidadadiario.com\/index.php\/wp-json\/wp\/v2\/tags?post=120679"}],"curies":[{"name":"wp","href":"https:\/\/api.w.org\/{rel}","templated":true}]}}