{"id":120666,"date":"2024-09-25T13:43:52","date_gmt":"2024-09-25T16:43:52","guid":{"rendered":"https:\/\/www.actualidadadiario.com\/?p=120666"},"modified":"2024-09-25T13:43:52","modified_gmt":"2024-09-25T16:43:52","slug":"el-bloque-de-pichetto-pide-un-proyecto-serio-para-aerolineas-no-se-puede-privatizar-por-un-conflicto-gremial","status":"publish","type":"post","link":"https:\/\/www.actualidadadiario.com\/index.php\/2024\/09\/25\/el-bloque-de-pichetto-pide-un-proyecto-serio-para-aerolineas-no-se-puede-privatizar-por-un-conflicto-gremial\/","title":{"rendered":"El bloque de Pichetto pide un proyecto serio para Aerol\u00edneas: &#8220;no se puede privatizar por un conflicto gremial&#8221;"},"content":{"rendered":"<p style=\"text-align: center;\"><em><strong>En el bloque del rionegrino advierten que el proyecto de Milei y el PRO parece un capricho antisindical<\/strong><\/em><\/p>\n<p>&nbsp;<\/p>\n<p>&nbsp;<\/p>\n<p>La bancada de Miguel \u00c1ngel Pichetto puso este mi\u00e9rcoles reparos contra el apuro del gobierno por privatizar Aerol\u00edneas Argentinas, antes que arrancara el debate en el plenario de comisiones de Transporte y Presupuesto y Hacienda. Un diputado de ese bloque dijo que pedir\u00edan &#8220;informaci\u00f3n concreta&#8221; a la Casa Rosada &#8220;sobre c\u00f3mo quieren privatizar y por qu\u00e9&#8221;.<\/p>\n<p>La voz cantante en la reuni\u00f3n que encabezaba la radical Pamela Verasay la llev\u00f3 Nicol\u00e1s Massot. Cerca de \u00e9l argumentaron que Encuentro Federal plantea &#8220;que vengan a explicar qu\u00e9 quieren hacer, porque por un conflicto gremial no se puede privatizar una aerol\u00ednea&#8221;, y agregaron: &#8220;Tienen que explicar qu\u00e9 quieren hacer, qu\u00e9 formato, qu\u00e9 metodolog\u00eda, qu\u00e9 beneficios al comprador&#8221;.<\/p>\n<p>La discusi\u00f3n arranc\u00f3 pasadas las 11 de la ma\u00f1ana, con breves intervenciones del macrista Hern\u00e1n Lombardi y el lilito Juan Manuel L\u00f3pez, autores cada uno de un proyecto para vender la l\u00ednea a\u00e9rea de bandera. &#8220;El proyecto estaba en la Ley Bases, lo sacaron de ah\u00ed y lo presentaron, son casi iguales, pero se va a discutir el posicionamiento pol\u00edtico&#8221;, se le escuch\u00f3 decir al libertario Lisandro Almir\u00f3n en los pasillos del Congreso mientras se dirig\u00eda a la sala del Anexo donde se abordar\u00eda el tema.<\/p>\n<p>En ese contexto, Lombardi defendi\u00f3 su iniciativa, que consta de tres art\u00edculos y dos p\u00e1ginas de fundamentos, alegando que &#8220;hay que cambiar las relaciones laborales en Aerol\u00edneas&#8221;, y aprovech\u00f3 para atacar a Pablo Bir\u00f3, l\u00edder de los pilotos, tild\u00e1ndolo de &#8220;rey de los cielos&#8221;. L\u00f3pez, por su parte, sostuvo que &#8220;las empresas p\u00fablicas son deficitarias&#8221; por definici\u00f3n.<\/p>\n<p>Esa perspectiva ser\u00eda retomada por el vicejefe de Gabinete, Jos\u00e9 Rolandi, quien remarc\u00f3 que &#8220;el Estado es un p\u00e9simo administrador de empresas&#8221;. A su criterio, la regla central en una econom\u00eda capitalista implica &#8220;la toma de riesgos para la b\u00fasqueda de beneficios y ese v\u00ednculo en la administraci\u00f3n estatal est\u00e1 roto&#8221;.<\/p>\n<p>Rolandi indic\u00f3 tambi\u00e9n que &#8220;bajo este precepto de que el Estado somos todos pero al final no es nadie, no hay consecuencia&#8221;. &#8220;Por eso es que la agenda del gobierno es privatizar y que el Estado no tenga m\u00e1s rol empresario&#8221;.<\/p>\n<p>El secretario de Transporte, Franco Mogetta, se quej\u00f3 de que &#8220;entre asambleas y paros, (los sindicatos) han hecho 9 medidas de fuerza y el Estado pierde cada vez entre uno y dos millones de d\u00f3lares por d\u00eda&#8221;.<\/p>\n","protected":false},"excerpt":{"rendered":"<p>En el bloque del rionegrino advierten que el proyecto de Milei y el PRO parece un capricho antisindical &nbsp; &nbsp; La bancada de Miguel \u00c1ngel Pichetto puso este mi\u00e9rcoles reparos contra el apuro del gobierno por privatizar Aerol\u00edneas Argentinas, antes que arrancara el debate en el plenario de comisiones de Transporte y Presupuesto y Hacienda. Un diputado de ese bloque dijo que pedir\u00edan &#8220;informaci\u00f3n concreta&#8221; a la Casa Rosada &#8220;sobre c\u00f3mo quieren privatizar y por qu\u00e9&#8221;. La voz cantante en la reuni\u00f3n que encabezaba la radical Pamela Verasay la llev\u00f3&#8230;<\/p>\n","protected":false},"author":3,"featured_media":120667,"comment_status":"closed","ping_status":"closed","sticky":false,"template":"","format":"standard","meta":[],"categories":[18],"tags":[],"_links":{"self":[{"href":"https:\/\/www.actualidadadiario.com\/index.php\/wp-json\/wp\/v2\/posts\/120666"}],"collection":[{"href":"https:\/\/www.actualidadadiario.com\/index.php\/wp-json\/wp\/v2\/posts"}],"about":[{"href":"https:\/\/www.actualidadadiario.com\/index.php\/wp-json\/wp\/v2\/types\/post"}],"author":[{"embeddable":true,"href":"https:\/\/www.actualidadadiario.com\/index.php\/wp-json\/wp\/v2\/users\/3"}],"replies":[{"embeddable":true,"href":"https:\/\/www.actualidadadiario.com\/index.php\/wp-json\/wp\/v2\/comments?post=120666"}],"version-history":[{"count":1,"href":"https:\/\/www.actualidadadiario.com\/index.php\/wp-json\/wp\/v2\/posts\/120666\/revisions"}],"predecessor-version":[{"id":120668,"href":"https:\/\/www.actualidadadiario.com\/index.php\/wp-json\/wp\/v2\/posts\/120666\/revisions\/120668"}],"wp:featuredmedia":[{"embeddable":true,"href":"https:\/\/www.actualidadadiario.com\/index.php\/wp-json\/wp\/v2\/media\/120667"}],"wp:attachment":[{"href":"https:\/\/www.actualidadadiario.com\/index.php\/wp-json\/wp\/v2\/media?parent=120666"}],"wp:term":[{"taxonomy":"category","embeddable":true,"href":"https:\/\/www.actualidadadiario.com\/index.php\/wp-json\/wp\/v2\/categories?post=120666"},{"taxonomy":"post_tag","embeddable":true,"href":"https:\/\/www.actualidadadiario.com\/index.php\/wp-json\/wp\/v2\/tags?post=120666"}],"curies":[{"name":"wp","href":"https:\/\/api.w.org\/{rel}","templated":true}]}}