{"id":12066,"date":"2017-05-24T09:22:37","date_gmt":"2017-05-24T12:22:37","guid":{"rendered":"http:\/\/actualidadadiario.com\/site\/?p=12066"},"modified":"2017-05-24T09:24:39","modified_gmt":"2017-05-24T12:24:39","slug":"la-economia-repunto-08-en-marzo","status":"publish","type":"post","link":"https:\/\/www.actualidadadiario.com\/index.php\/2017\/05\/24\/la-economia-repunto-08-en-marzo\/","title":{"rendered":"La econom\u00eda repunt\u00f3 0,8% en marzo"},"content":{"rendered":"<p><em><strong>La actividad econ\u00f3mica creci\u00f3 en marzo un 0,8% interanual, impulsada por la construcci\u00f3n y la producci\u00f3n agr\u00edcola, inform\u00f3 este martes el Instituto Nacional de Estad\u00edstica y Censos (Indec), que agreg\u00f3 que la industria recort\u00f3 la ca\u00edda que ven\u00eda mostrando<\/strong><\/em><\/p>\n<p>&nbsp;<\/p>\n<p>&nbsp;<\/p>\n<p>&nbsp;<\/p>\n<p>&nbsp;<\/p>\n<p>&nbsp;<\/p>\n<p>El Estimador Mensual de la Actividad Econ\u00f3mica (EMAE), en tanto, mostr\u00f3 en marzo una suba de 1,9% ante febrero, un mes signado por feriados y menor cantidad de d\u00edas trabajados, para cerrar en el primer trimestre con una mejora acumulada de 0,1%, agregaron los datos oficiales.<\/p>\n<p>&nbsp;<\/p>\n<p>La actividad de la construcci\u00f3n cerr\u00f3 marzo con un alza interanual de 10,8%, impulsada por el mayor nivel de obra p\u00fablica y cierta reactivaci\u00f3n del sector privado. De esta forma logr\u00f3 cerrar el primer trimestre del a\u00f1o con un alza del 1,8%.<\/p>\n<p>&nbsp;<\/p>\n<p>Tambi\u00e9n otros sectores, como el agropecuario, vienen impulsando la actividad. La venta de maquinarias agr\u00edcolas subi\u00f3 un 40% en el primer trimestre, mientras que la facturaci\u00f3n del sector aument\u00f3 un 88,8%, seg\u00fan datos del INDEC. El repunte de las ventas en el sector coincide con una campa\u00f1a agr\u00edcola que apunta a alcanzar un nuevo r\u00e9cord de 120 millones de toneladas de granos.<\/p>\n<p>&nbsp;<\/p>\n<p>En la senda negativa, la actividad industrial baj\u00f3 en marzo 0,4% interanual, la menor ca\u00edda desde el 0,1% negativo de febrero del a\u00f1o pasado, y cerr\u00f3 el primer trimestre con un retroceso del 2,4%, seg\u00fan el Indec.<\/p>\n<p>&nbsp;<\/p>\n<p>Por el lado del consumo, la facturaci\u00f3n por las ventas en los supermercados y shoppings durante marzo sigui\u00f3 creciendo por debajo de la inflaci\u00f3n.<\/p>\n<p>&nbsp;<\/p>\n<p>As\u00ed, las ventas de las cadenas grandes de supermercados aumentaron 16,2%, mientras que las medianas tuvieron una suba del 26,3%, y los centros de compra un 10,6%, aumentos estos que estuvieron por debajo de la inflaci\u00f3n del 35% que midi\u00f3 la Direcci\u00f3n de Estad\u00edsticas del Gobierno de la Ciudad de Buenos Aires.<\/p>\n<p>&nbsp;<\/p>\n<p>El ministro de Hacienda, Nicol\u00e1s Dujovne, ratific\u00f3 recientemente su previsi\u00f3n que este a\u00f1o &#8220;la econom\u00eda crecer\u00e1 al menos un 3%&#8221; y que &#8220;se est\u00e1n sentando las bases para un crecimiento sostenido&#8221;.<\/p>\n<p>&nbsp;<\/p>\n<p>En el Palacio de Hacienda sostienen que a partir de los datos de abril &#8220;comenzar\u00e1 un crecimiento fuerte&#8221; en casi todos los segmentos, que pondr\u00e1n al Producto Bruto Interno del segundo trimestre &#8220;con una expansi\u00f3n por encima del 1 % interanual.<\/p>\n","protected":false},"excerpt":{"rendered":"<p>La actividad econ\u00f3mica creci\u00f3 en marzo un 0,8% interanual, impulsada por la construcci\u00f3n y la producci\u00f3n agr\u00edcola, inform\u00f3 este martes el Instituto Nacional de Estad\u00edstica y Censos (Indec), que agreg\u00f3 que la industria recort\u00f3 la ca\u00edda que ven\u00eda mostrando &nbsp; &nbsp; &nbsp; &nbsp; &nbsp; El Estimador Mensual de la Actividad Econ\u00f3mica (EMAE), en tanto, mostr\u00f3 en marzo una suba de 1,9% ante febrero, un mes signado por feriados y menor cantidad de d\u00edas trabajados, para cerrar en el primer trimestre con una mejora acumulada de 0,1%, agregaron los datos oficiales&#8230;.<\/p>\n","protected":false},"author":3,"featured_media":12071,"comment_status":"closed","ping_status":"closed","sticky":false,"template":"","format":"standard","meta":[],"categories":[2],"tags":[],"_links":{"self":[{"href":"https:\/\/www.actualidadadiario.com\/index.php\/wp-json\/wp\/v2\/posts\/12066"}],"collection":[{"href":"https:\/\/www.actualidadadiario.com\/index.php\/wp-json\/wp\/v2\/posts"}],"about":[{"href":"https:\/\/www.actualidadadiario.com\/index.php\/wp-json\/wp\/v2\/types\/post"}],"author":[{"embeddable":true,"href":"https:\/\/www.actualidadadiario.com\/index.php\/wp-json\/wp\/v2\/users\/3"}],"replies":[{"embeddable":true,"href":"https:\/\/www.actualidadadiario.com\/index.php\/wp-json\/wp\/v2\/comments?post=12066"}],"version-history":[{"count":1,"href":"https:\/\/www.actualidadadiario.com\/index.php\/wp-json\/wp\/v2\/posts\/12066\/revisions"}],"predecessor-version":[{"id":12068,"href":"https:\/\/www.actualidadadiario.com\/index.php\/wp-json\/wp\/v2\/posts\/12066\/revisions\/12068"}],"wp:featuredmedia":[{"embeddable":true,"href":"https:\/\/www.actualidadadiario.com\/index.php\/wp-json\/wp\/v2\/media\/12071"}],"wp:attachment":[{"href":"https:\/\/www.actualidadadiario.com\/index.php\/wp-json\/wp\/v2\/media?parent=12066"}],"wp:term":[{"taxonomy":"category","embeddable":true,"href":"https:\/\/www.actualidadadiario.com\/index.php\/wp-json\/wp\/v2\/categories?post=12066"},{"taxonomy":"post_tag","embeddable":true,"href":"https:\/\/www.actualidadadiario.com\/index.php\/wp-json\/wp\/v2\/tags?post=12066"}],"curies":[{"name":"wp","href":"https:\/\/api.w.org\/{rel}","templated":true}]}}