{"id":120652,"date":"2024-09-25T12:16:48","date_gmt":"2024-09-25T15:16:48","guid":{"rendered":"https:\/\/www.actualidadadiario.com\/?p=120652"},"modified":"2024-09-25T12:16:48","modified_gmt":"2024-09-25T15:16:48","slug":"el-juez-daniel-rafecas-volvera-a-estar-al-frente-de-la-investigacion-del-atentado-a-la-amia","status":"publish","type":"post","link":"https:\/\/www.actualidadadiario.com\/index.php\/2024\/09\/25\/el-juez-daniel-rafecas-volvera-a-estar-al-frente-de-la-investigacion-del-atentado-a-la-amia\/","title":{"rendered":"El juez Daniel Rafecas volver\u00e1 a estar al frente de la investigaci\u00f3n del atentado a la AMIA"},"content":{"rendered":"<p style=\"text-align: center;\"><em><strong>El magistrado result\u00f3 sorteado una vez m\u00e1s al vencerse la suplencia del juez Ariel Lijo, que comenz\u00f3 en octubre del a\u00f1o pasado<\/strong><\/em><\/p>\n<p>&nbsp;<\/p>\n<p>&nbsp;<\/p>\n<p>El juez federal Daniel Rafecas qued\u00f3 sorteado al frente del juzgado federal 6 desde octubre pr\u00f3ximo y por un a\u00f1o, por lo cual volver\u00e1 a estar al frente de la investigaci\u00f3n por el atentado a la AMIA.<\/p>\n<p>Rafecas ya estuvo como subrogante en ese juzgado durante dos a\u00f1os, ya que est\u00e1 vacante desde que se jubil\u00f3 su titular Rodolfo Canicoba Corral y ahora result\u00f3 sorteado una vez m\u00e1s al vencerse la suplencia del juez Ariel Lijo, que comenz\u00f3 en octubre del a\u00f1o pasado, informaron fuentes judiciales.<\/p>\n<p>Las subrogancias son por un a\u00f1o prorrogable a un m\u00e1ximo de dos y en los tribunales federales de Retiro hay cuatro juzgados vacantes de un total de doce.<\/p>\n<p>La C\u00e1mara Federal porte\u00f1a determin\u00f3 que un magistrado puede ocuparse como m\u00e1ximo de dos juzgados, el que le corresponde y una subrogancia, situaci\u00f3n en la que ya est\u00e1n tres jueces.<\/p>\n<p>Lijo est\u00e1 a cargo de su juzgado, el federal 7 y del 12 que qued\u00f3 vacante cuando el juez Sergio Torres asumi\u00f3 en la Suprema Corte de Justicia bonaerense y hasta principios de octubre tendr\u00e1 bajo su \u00f3rbita tambi\u00e9n el federal 6, en el cual lo reemplazar\u00e1 Rafecas.<\/p>\n","protected":false},"excerpt":{"rendered":"<p>El magistrado result\u00f3 sorteado una vez m\u00e1s al vencerse la suplencia del juez Ariel Lijo, que comenz\u00f3 en octubre del a\u00f1o pasado &nbsp; &nbsp; El juez federal Daniel Rafecas qued\u00f3 sorteado al frente del juzgado federal 6 desde octubre pr\u00f3ximo y por un a\u00f1o, por lo cual volver\u00e1 a estar al frente de la investigaci\u00f3n por el atentado a la AMIA. Rafecas ya estuvo como subrogante en ese juzgado durante dos a\u00f1os, ya que est\u00e1 vacante desde que se jubil\u00f3 su titular Rodolfo Canicoba Corral y ahora result\u00f3 sorteado una&#8230;<\/p>\n","protected":false},"author":3,"featured_media":120653,"comment_status":"closed","ping_status":"closed","sticky":false,"template":"","format":"standard","meta":[],"categories":[18],"tags":[],"_links":{"self":[{"href":"https:\/\/www.actualidadadiario.com\/index.php\/wp-json\/wp\/v2\/posts\/120652"}],"collection":[{"href":"https:\/\/www.actualidadadiario.com\/index.php\/wp-json\/wp\/v2\/posts"}],"about":[{"href":"https:\/\/www.actualidadadiario.com\/index.php\/wp-json\/wp\/v2\/types\/post"}],"author":[{"embeddable":true,"href":"https:\/\/www.actualidadadiario.com\/index.php\/wp-json\/wp\/v2\/users\/3"}],"replies":[{"embeddable":true,"href":"https:\/\/www.actualidadadiario.com\/index.php\/wp-json\/wp\/v2\/comments?post=120652"}],"version-history":[{"count":1,"href":"https:\/\/www.actualidadadiario.com\/index.php\/wp-json\/wp\/v2\/posts\/120652\/revisions"}],"predecessor-version":[{"id":120654,"href":"https:\/\/www.actualidadadiario.com\/index.php\/wp-json\/wp\/v2\/posts\/120652\/revisions\/120654"}],"wp:featuredmedia":[{"embeddable":true,"href":"https:\/\/www.actualidadadiario.com\/index.php\/wp-json\/wp\/v2\/media\/120653"}],"wp:attachment":[{"href":"https:\/\/www.actualidadadiario.com\/index.php\/wp-json\/wp\/v2\/media?parent=120652"}],"wp:term":[{"taxonomy":"category","embeddable":true,"href":"https:\/\/www.actualidadadiario.com\/index.php\/wp-json\/wp\/v2\/categories?post=120652"},{"taxonomy":"post_tag","embeddable":true,"href":"https:\/\/www.actualidadadiario.com\/index.php\/wp-json\/wp\/v2\/tags?post=120652"}],"curies":[{"name":"wp","href":"https:\/\/api.w.org\/{rel}","templated":true}]}}