{"id":120649,"date":"2024-09-25T12:15:42","date_gmt":"2024-09-25T15:15:42","guid":{"rendered":"https:\/\/www.actualidadadiario.com\/?p=120649"},"modified":"2024-09-25T12:15:42","modified_gmt":"2024-09-25T15:15:42","slug":"tras-mas-de-20-dias-de-incendios-milei-viaja-a-cordoba-para-monitorear-el-operativo","status":"publish","type":"post","link":"https:\/\/www.actualidadadiario.com\/index.php\/2024\/09\/25\/tras-mas-de-20-dias-de-incendios-milei-viaja-a-cordoba-para-monitorear-el-operativo\/","title":{"rendered":"Tras m\u00e1s de 20 d\u00edas de incendios, Milei viaja a C\u00f3rdoba para monitorear el operativo"},"content":{"rendered":"<p style=\"text-align: center;\"><em><strong>El presidente ir\u00e1 acompa\u00f1ado por su hermana y secretaria general, Karina Milei, y por el jefe de Gabinete, Guillermo Francos<\/strong><\/em><\/p>\n<p>&nbsp;<\/p>\n<p>&nbsp;<\/p>\n<p>El presidente Javier Milei se trasladar\u00e1 este mediod\u00eda a la provincia de C\u00f3rdoba en medio de los estragos ambientales, econ\u00f3micos y sociales por los incendios.<\/p>\n<p>Seg\u00fan informaron fuentes de la Presidencia, el jefe de Estado ir\u00e1 en una comitiva integrada tambi\u00e9n por la Secretaria General de la Presidencia, Karina Milei, y por el Jefe de Gabinete, Guillermo Francos.<\/p>\n<p>A ra\u00edz del avance del fuego, m\u00e1s de 40 mil hect\u00e1reas forestales fueron arrasadas y muchas familias y productores perdieron todo lo que ten\u00edan.<\/p>\n<p>El presidente se dirigir\u00e1 a C\u00f3rdoba luego de retornar esta ma\u00f1ana de su gira oficial por Estados Unidos.<\/p>\n<p>Luego de reunirse con la presidenta de la comisi\u00f3n Europea, \u00darsula von der Leyen, Milei se encuentra retornando al pa\u00eds en un vuelo que parti\u00f3 a las 22 hs desde Nueva York, tocando suelo argentino en horas de esta ma\u00f1ana.<\/p>\n","protected":false},"excerpt":{"rendered":"<p>El presidente ir\u00e1 acompa\u00f1ado por su hermana y secretaria general, Karina Milei, y por el jefe de Gabinete, Guillermo Francos &nbsp; &nbsp; El presidente Javier Milei se trasladar\u00e1 este mediod\u00eda a la provincia de C\u00f3rdoba en medio de los estragos ambientales, econ\u00f3micos y sociales por los incendios. Seg\u00fan informaron fuentes de la Presidencia, el jefe de Estado ir\u00e1 en una comitiva integrada tambi\u00e9n por la Secretaria General de la Presidencia, Karina Milei, y por el Jefe de Gabinete, Guillermo Francos. A ra\u00edz del avance del fuego, m\u00e1s de 40 mil&#8230;<\/p>\n","protected":false},"author":3,"featured_media":120650,"comment_status":"closed","ping_status":"closed","sticky":false,"template":"","format":"standard","meta":[],"categories":[18],"tags":[],"_links":{"self":[{"href":"https:\/\/www.actualidadadiario.com\/index.php\/wp-json\/wp\/v2\/posts\/120649"}],"collection":[{"href":"https:\/\/www.actualidadadiario.com\/index.php\/wp-json\/wp\/v2\/posts"}],"about":[{"href":"https:\/\/www.actualidadadiario.com\/index.php\/wp-json\/wp\/v2\/types\/post"}],"author":[{"embeddable":true,"href":"https:\/\/www.actualidadadiario.com\/index.php\/wp-json\/wp\/v2\/users\/3"}],"replies":[{"embeddable":true,"href":"https:\/\/www.actualidadadiario.com\/index.php\/wp-json\/wp\/v2\/comments?post=120649"}],"version-history":[{"count":1,"href":"https:\/\/www.actualidadadiario.com\/index.php\/wp-json\/wp\/v2\/posts\/120649\/revisions"}],"predecessor-version":[{"id":120651,"href":"https:\/\/www.actualidadadiario.com\/index.php\/wp-json\/wp\/v2\/posts\/120649\/revisions\/120651"}],"wp:featuredmedia":[{"embeddable":true,"href":"https:\/\/www.actualidadadiario.com\/index.php\/wp-json\/wp\/v2\/media\/120650"}],"wp:attachment":[{"href":"https:\/\/www.actualidadadiario.com\/index.php\/wp-json\/wp\/v2\/media?parent=120649"}],"wp:term":[{"taxonomy":"category","embeddable":true,"href":"https:\/\/www.actualidadadiario.com\/index.php\/wp-json\/wp\/v2\/categories?post=120649"},{"taxonomy":"post_tag","embeddable":true,"href":"https:\/\/www.actualidadadiario.com\/index.php\/wp-json\/wp\/v2\/tags?post=120649"}],"curies":[{"name":"wp","href":"https:\/\/api.w.org\/{rel}","templated":true}]}}