{"id":120647,"date":"2024-09-25T12:14:19","date_gmt":"2024-09-25T15:14:19","guid":{"rendered":"https:\/\/www.actualidadadiario.com\/?p=120647"},"modified":"2024-09-25T12:21:26","modified_gmt":"2024-09-25T15:21:26","slug":"comienza-en-diputados-la-puja-por-la-privatizacion-de-aerolineas-argentinas","status":"publish","type":"post","link":"https:\/\/www.actualidadadiario.com\/index.php\/2024\/09\/25\/comienza-en-diputados-la-puja-por-la-privatizacion-de-aerolineas-argentinas\/","title":{"rendered":"Comenz\u00f3 en Diputados la puja por la privatizaci\u00f3n de Aerol\u00edneas Argentinas"},"content":{"rendered":"<p style=\"text-align: center;\"><em><strong>La coalici\u00f3n gobernante tratar\u00e1 los proyectos del PRO y de la Coalici\u00f3n C\u00edvica. La respuesta del peronismo<\/strong><\/em><\/p>\n<p>&nbsp;<\/p>\n<p>&nbsp;<\/p>\n<p>Con los gremios en pie de guerra, el oficialismo apur\u00f3 el debate parlamentario sobre una posible privatizaci\u00f3n de la empresa Aerol\u00edneas Argentinas en la C\u00e1mara de Diputados de la Naci\u00f3n. Con la presencia de invitados, el tema ser\u00e1 tratado este mi\u00e9rcoles en las comisiones de Transporte y de Presupuesto y Hacienda desde las 11 de la ma\u00f1ana.<\/p>\n<p>Una de las iniciativas que se pondr\u00e1 sobre la mesa es la impulsada por el diputado del PRO Hern\u00e1n Lombardi, que declara \u00absujeta a privatizaci\u00f3n a la empresa Aerol\u00edneas Argentinas SA\u00bb. El proyecto establece autorizar \u00abestablecer el marco legal y llevar adelante el procedimiento para instrumentar el proceso de privatizaci\u00f3n referido en el Art\u00edculo 1\u00b0\u00bb.<\/p>\n<p>Por otro lado, desde la Coalici\u00f3n C\u00edvica se present\u00f3 un proyecto que pide que se respeten las disposiciones incluidas en la Ley Bases para proceder a la privatizaci\u00f3n, que contempla la participaci\u00f3n de la Comisi\u00f3n Bicameral de Privatizaciones del Congreso, de la Sindicatura General de la Naci\u00f3n y la Auditoria General de la Naci\u00f3n (AGN).<\/p>\n<p>En ese punto, el texto indica que la comisi\u00f3n deber\u00e1 ser informada de cualquier preferencia concedida a un potencial adquirente por parte del Poder Ejecutivo nacional en el marco de lo dispuesto por el art\u00edculo 17 de la ley 23.696, adem\u00e1s de las medidas adoptadas con el objetivo de garantizar los principios de \u00abtransparencia, competencia, m\u00e1xima concurrencia, igualdad, publicidad y gobierno abierto en los procesos de toma de decisi\u00f3n\u00bb.<\/p>\n<p>Por \u00faltimo, asegura que la AGN deber\u00e1 realizar un examen respecto del proceso de privatizaci\u00f3n de cada una de las empresas, evaluando el cumplimiento de los aspectos legales y financieros, una vez finalizado el mismo y dentro de un plazo de 120 d\u00edas h\u00e1biles.<\/p>\n<p>Una parte de Uni\u00f3n por la Patria har\u00e1 referencia al proyecto presentado por el diputado M\u00e1ximo Kirchner el a\u00f1o pasado luego de que ganara en las PASO Javier Milei y adelantar\u00e1 sus intenciones para con la l\u00ednea de bandera.<\/p>\n<p>El texto tiene como objetivo prohibir las transferencias de acciones de la l\u00ednea a\u00e9rea sin la autorizaci\u00f3n del Congreso de la Naci\u00f3n. Al igual que la normativa vigente de YPF, la iniciativa apunta a blindar cualquier intento privatizador. Propone reformar el art\u00edculo 2 de la ley que declar\u00f3 de utilidad p\u00fablica y sujetas a expropiaci\u00f3n las acciones de Aerol\u00edneas Argentinas y Austral y proh\u00edbe expresamente \u201cla transferencia de las acciones\u201d sin una autorizaci\u00f3n previa del Congreso.<\/p>\n<p>&nbsp;<\/p>\n<p><strong>Acuerdo con sindicatos<\/strong><\/p>\n<p>La Comisi\u00f3n de Legislaci\u00f3n del Trabajo en Diputados, que preside el radical Mart\u00edn Tetaz, suspendi\u00f3 el encuentro previsto para este martes donde se iba a emitir dictamen sobre los proyectos que impulsan modificaciones a las leyes de Asociaciones Sindicales, la de Convenciones Colectivas de Trabajo y la de Empleo, tras el consenso alcanzado entre la oposici\u00f3n dialoguista y el oficialismo.<\/p>\n<p>Seg\u00fan circul\u00f3 en los pasillos del Congreso, el motivo fue un acuerdo que hizo el gobierno nacional con la CGT para frenar la Reforma Sindical en el Congreso por lo que ni la Libertad Avanza ni el PRO iban a acompa\u00f1ar con su firma el despacho de mayor\u00eda.<\/p>\n<p>La decisi\u00f3n del Poder Ejecutivo, que se transmiti\u00f3 anoche, respondi\u00f3 directamente a un pedido de la CGT a Guillermo Francos y Santiago Caputo y, a la vez, a negociaciones entabladas en el Congreso por el diputado nacional Sergio Palazzo (UP), l\u00edder del gremio bancario y vicepresidente de la Comisi\u00f3n de Legislaci\u00f3n del Trabajo, que viene conversando entre algunos legisladores para que le quiten su apoyo al proyecto.<\/p>\n","protected":false},"excerpt":{"rendered":"<p>La coalici\u00f3n gobernante tratar\u00e1 los proyectos del PRO y de la Coalici\u00f3n C\u00edvica. La respuesta del peronismo &nbsp; &nbsp; Con los gremios en pie de guerra, el oficialismo apur\u00f3 el debate parlamentario sobre una posible privatizaci\u00f3n de la empresa Aerol\u00edneas Argentinas en la C\u00e1mara de Diputados de la Naci\u00f3n. Con la presencia de invitados, el tema ser\u00e1 tratado este mi\u00e9rcoles en las comisiones de Transporte y de Presupuesto y Hacienda desde las 11 de la ma\u00f1ana. Una de las iniciativas que se pondr\u00e1 sobre la mesa es la impulsada por&#8230;<\/p>\n","protected":false},"author":3,"featured_media":120656,"comment_status":"closed","ping_status":"closed","sticky":false,"template":"","format":"standard","meta":[],"categories":[18],"tags":[],"_links":{"self":[{"href":"https:\/\/www.actualidadadiario.com\/index.php\/wp-json\/wp\/v2\/posts\/120647"}],"collection":[{"href":"https:\/\/www.actualidadadiario.com\/index.php\/wp-json\/wp\/v2\/posts"}],"about":[{"href":"https:\/\/www.actualidadadiario.com\/index.php\/wp-json\/wp\/v2\/types\/post"}],"author":[{"embeddable":true,"href":"https:\/\/www.actualidadadiario.com\/index.php\/wp-json\/wp\/v2\/users\/3"}],"replies":[{"embeddable":true,"href":"https:\/\/www.actualidadadiario.com\/index.php\/wp-json\/wp\/v2\/comments?post=120647"}],"version-history":[{"count":3,"href":"https:\/\/www.actualidadadiario.com\/index.php\/wp-json\/wp\/v2\/posts\/120647\/revisions"}],"predecessor-version":[{"id":120658,"href":"https:\/\/www.actualidadadiario.com\/index.php\/wp-json\/wp\/v2\/posts\/120647\/revisions\/120658"}],"wp:featuredmedia":[{"embeddable":true,"href":"https:\/\/www.actualidadadiario.com\/index.php\/wp-json\/wp\/v2\/media\/120656"}],"wp:attachment":[{"href":"https:\/\/www.actualidadadiario.com\/index.php\/wp-json\/wp\/v2\/media?parent=120647"}],"wp:term":[{"taxonomy":"category","embeddable":true,"href":"https:\/\/www.actualidadadiario.com\/index.php\/wp-json\/wp\/v2\/categories?post=120647"},{"taxonomy":"post_tag","embeddable":true,"href":"https:\/\/www.actualidadadiario.com\/index.php\/wp-json\/wp\/v2\/tags?post=120647"}],"curies":[{"name":"wp","href":"https:\/\/api.w.org\/{rel}","templated":true}]}}