{"id":120644,"date":"2024-09-25T11:06:00","date_gmt":"2024-09-25T14:06:00","guid":{"rendered":"https:\/\/www.actualidadadiario.com\/?p=120644"},"modified":"2024-09-25T11:06:00","modified_gmt":"2024-09-25T14:06:00","slug":"incendios-en-cordoba-cual-es-la-situacion-actual","status":"publish","type":"post","link":"https:\/\/www.actualidadadiario.com\/index.php\/2024\/09\/25\/incendios-en-cordoba-cual-es-la-situacion-actual\/","title":{"rendered":"Incendios en C\u00f3rdoba: cu\u00e1l es la situaci\u00f3n actual"},"content":{"rendered":"<p style=\"text-align: center;\"><em><strong>El gobierno de C\u00f3rdoba anunci\u00f3 que contin\u00faan los focos activos pero con menor actividad, aunque sostienen que \u201cno est\u00e1n contenidos ni controlados\u201d<\/strong><\/em><\/p>\n<p>&nbsp;<\/p>\n<p>&nbsp;<\/p>\n<p>El gobierno de C\u00f3rdoba dio a conocer la \u00faltima actualizaci\u00f3n de los incendios que azotan a la provincia y aunque informaron que \u201ccontin\u00faan los focos activos pero con menor actividad\u201d, todav\u00eda \u201cno est\u00e1n contenidos ni controlados\u201d.<\/p>\n<p>\u201cLos bomberos lograron avanzar en la lucha contra el fuego y contin\u00faan trabajando en algunos per\u00edmetros inestables. Por el momento no est\u00e1n contenidos ni controlados\u201d, destaca el comunicado publicado en la noche del martes.<\/p>\n<p>En este sentido, indicaron que el foco \u00edgneo de Villa Berna presenta menos actividad y contin\u00faa la lucha cuerpo a cuerpo, mientras que en Capilla del Monte, del lado oeste en direcci\u00f3n a San Marcos Sierras, est\u00e1n trabajando bomberos voluntarios.<\/p>\n<p>Por otro lado, en La Granja ha disminuido la actividad del fuego y el incendio de Chancan\u00ed sigue con actividad por lo que contin\u00faa el trabajo de los bomberos.<\/p>\n<p>\u201cEste mi\u00e9rcoles ser\u00e1n reemplazados los 800 bomberos por nuevos efectivos. Cabe destacar que el personal cuenta con el apoyo de todas las fuerzas especializadas, con la ayuda de bomberos de otras ciudades y como as\u00ed tambi\u00e9n de cuarteles de otras provincias\u201d, explicaron.<\/p>\n<p>Seg\u00fan un informe de la Comisi\u00f3n Nacional de Actividades Espaciales (CONAE), ya se quemaron alrededor de 43 mil hect\u00e1reas, aunque en lo que va del 2024 se vieron afectadas casi 70 mil.<\/p>\n<p>Asimismo, se trata de una jornada importante ya que el Presidente Javier Milei viajar\u00e1 hasta la provincia para monitorear el operativo de emergencia.<\/p>\n<p>Conforme a la informaron de fuentes de la Presidencia, el jefe de Estado ir\u00e1 en una comitiva integrada tambi\u00e9n por la Secretaria General de la Presidencia, Karina Milei, y por el Jefe de Gabinete, Guillermo Francos.<\/p>\n","protected":false},"excerpt":{"rendered":"<p>El gobierno de C\u00f3rdoba anunci\u00f3 que contin\u00faan los focos activos pero con menor actividad, aunque sostienen que \u201cno est\u00e1n contenidos ni controlados\u201d &nbsp; &nbsp; El gobierno de C\u00f3rdoba dio a conocer la \u00faltima actualizaci\u00f3n de los incendios que azotan a la provincia y aunque informaron que \u201ccontin\u00faan los focos activos pero con menor actividad\u201d, todav\u00eda \u201cno est\u00e1n contenidos ni controlados\u201d. \u201cLos bomberos lograron avanzar en la lucha contra el fuego y contin\u00faan trabajando en algunos per\u00edmetros inestables. Por el momento no est\u00e1n contenidos ni controlados\u201d, destaca el comunicado publicado en&#8230;<\/p>\n","protected":false},"author":3,"featured_media":120645,"comment_status":"closed","ping_status":"closed","sticky":false,"template":"","format":"standard","meta":[],"categories":[2],"tags":[],"_links":{"self":[{"href":"https:\/\/www.actualidadadiario.com\/index.php\/wp-json\/wp\/v2\/posts\/120644"}],"collection":[{"href":"https:\/\/www.actualidadadiario.com\/index.php\/wp-json\/wp\/v2\/posts"}],"about":[{"href":"https:\/\/www.actualidadadiario.com\/index.php\/wp-json\/wp\/v2\/types\/post"}],"author":[{"embeddable":true,"href":"https:\/\/www.actualidadadiario.com\/index.php\/wp-json\/wp\/v2\/users\/3"}],"replies":[{"embeddable":true,"href":"https:\/\/www.actualidadadiario.com\/index.php\/wp-json\/wp\/v2\/comments?post=120644"}],"version-history":[{"count":1,"href":"https:\/\/www.actualidadadiario.com\/index.php\/wp-json\/wp\/v2\/posts\/120644\/revisions"}],"predecessor-version":[{"id":120646,"href":"https:\/\/www.actualidadadiario.com\/index.php\/wp-json\/wp\/v2\/posts\/120644\/revisions\/120646"}],"wp:featuredmedia":[{"embeddable":true,"href":"https:\/\/www.actualidadadiario.com\/index.php\/wp-json\/wp\/v2\/media\/120645"}],"wp:attachment":[{"href":"https:\/\/www.actualidadadiario.com\/index.php\/wp-json\/wp\/v2\/media?parent=120644"}],"wp:term":[{"taxonomy":"category","embeddable":true,"href":"https:\/\/www.actualidadadiario.com\/index.php\/wp-json\/wp\/v2\/categories?post=120644"},{"taxonomy":"post_tag","embeddable":true,"href":"https:\/\/www.actualidadadiario.com\/index.php\/wp-json\/wp\/v2\/tags?post=120644"}],"curies":[{"name":"wp","href":"https:\/\/api.w.org\/{rel}","templated":true}]}}