{"id":120635,"date":"2024-09-25T11:02:19","date_gmt":"2024-09-25T14:02:19","guid":{"rendered":"https:\/\/www.actualidadadiario.com\/?p=120635"},"modified":"2024-09-25T11:02:19","modified_gmt":"2024-09-25T14:02:19","slug":"rectores-se-suman-a-la-marcha-federal-universitaria-contra-el-veto-a-la-ley-de-financiamiento","status":"publish","type":"post","link":"https:\/\/www.actualidadadiario.com\/index.php\/2024\/09\/25\/rectores-se-suman-a-la-marcha-federal-universitaria-contra-el-veto-a-la-ley-de-financiamiento\/","title":{"rendered":"Rectores se suman a la marcha federal universitaria contra el veto a la Ley de Financiamiento"},"content":{"rendered":"<p style=\"text-align: center;\"><em><strong>El Consejo Interuniversitario Nacional (CIN), presidido por el rector de la Universidad Nacional de San Luis, V\u00edctor Mori\u00f1igo, confirm\u00f3 su participaci\u00f3n en la marcha federal universitaria convocada para el 2 de octubre en el Congreso. La movilizaci\u00f3n, organizada por el Frente Sindical de las Universidades Nacionales, es en repudio al anunciado veto del presidente Javier Milei a la Ley de Financiamiento Universitario<\/strong><\/em><\/p>\n<p>&nbsp;<\/p>\n<p>&nbsp;<\/p>\n<p>&nbsp;<\/p>\n<p>\u201cDesde el Consejo de rectores entendemos que es momento de acompa\u00f1ar a nuestros trabajadores, docentes y no docentes, y estudiantes\u201d, expres\u00f3 Mori\u00f1igo este martes en una conferencia de prensa. Asimismo, el rector subray\u00f3 que \u201cno es un problema de financiamiento, sino de prioridades\u201d, y confi\u00f3 en que el presidente Milei reciba el asesoramiento adecuado para convocar al di\u00e1logo y discutir alternativas para financiar el sistema universitario, as\u00ed como la ciencia y tecnolog\u00eda del pa\u00eds.<\/p>\n<p>La protesta contar\u00e1 con un paro de 24 horas por parte de los sindicatos universitarios, quienes buscan defender la estabilidad y los recursos del sistema educativo. Adem\u00e1s de los rectores, la Federaci\u00f3n Universitaria Argentina (FUA) se unir\u00e1 a la movilizaci\u00f3n, consolidando una respuesta amplia contra las pol\u00edticas del Ejecutivo que afectan a la educaci\u00f3n superior.<\/p>\n","protected":false},"excerpt":{"rendered":"<p>El Consejo Interuniversitario Nacional (CIN), presidido por el rector de la Universidad Nacional de San Luis, V\u00edctor Mori\u00f1igo, confirm\u00f3 su participaci\u00f3n en la marcha federal universitaria convocada para el 2 de octubre en el Congreso. La movilizaci\u00f3n, organizada por el Frente Sindical de las Universidades Nacionales, es en repudio al anunciado veto del presidente Javier Milei a la Ley de Financiamiento Universitario &nbsp; &nbsp; &nbsp; \u201cDesde el Consejo de rectores entendemos que es momento de acompa\u00f1ar a nuestros trabajadores, docentes y no docentes, y estudiantes\u201d, expres\u00f3 Mori\u00f1igo este martes en&#8230;<\/p>\n","protected":false},"author":3,"featured_media":120410,"comment_status":"closed","ping_status":"closed","sticky":false,"template":"","format":"standard","meta":[],"categories":[2],"tags":[],"_links":{"self":[{"href":"https:\/\/www.actualidadadiario.com\/index.php\/wp-json\/wp\/v2\/posts\/120635"}],"collection":[{"href":"https:\/\/www.actualidadadiario.com\/index.php\/wp-json\/wp\/v2\/posts"}],"about":[{"href":"https:\/\/www.actualidadadiario.com\/index.php\/wp-json\/wp\/v2\/types\/post"}],"author":[{"embeddable":true,"href":"https:\/\/www.actualidadadiario.com\/index.php\/wp-json\/wp\/v2\/users\/3"}],"replies":[{"embeddable":true,"href":"https:\/\/www.actualidadadiario.com\/index.php\/wp-json\/wp\/v2\/comments?post=120635"}],"version-history":[{"count":1,"href":"https:\/\/www.actualidadadiario.com\/index.php\/wp-json\/wp\/v2\/posts\/120635\/revisions"}],"predecessor-version":[{"id":120636,"href":"https:\/\/www.actualidadadiario.com\/index.php\/wp-json\/wp\/v2\/posts\/120635\/revisions\/120636"}],"wp:featuredmedia":[{"embeddable":true,"href":"https:\/\/www.actualidadadiario.com\/index.php\/wp-json\/wp\/v2\/media\/120410"}],"wp:attachment":[{"href":"https:\/\/www.actualidadadiario.com\/index.php\/wp-json\/wp\/v2\/media?parent=120635"}],"wp:term":[{"taxonomy":"category","embeddable":true,"href":"https:\/\/www.actualidadadiario.com\/index.php\/wp-json\/wp\/v2\/categories?post=120635"},{"taxonomy":"post_tag","embeddable":true,"href":"https:\/\/www.actualidadadiario.com\/index.php\/wp-json\/wp\/v2\/tags?post=120635"}],"curies":[{"name":"wp","href":"https:\/\/api.w.org\/{rel}","templated":true}]}}