{"id":12063,"date":"2017-05-24T09:20:37","date_gmt":"2017-05-24T12:20:37","guid":{"rendered":"http:\/\/actualidadadiario.com\/site\/?p=12063"},"modified":"2017-05-24T09:23:03","modified_gmt":"2017-05-24T12:23:03","slug":"alerta-por-tormentas-intensas-abarca-el-norte-de-entre-rios-y-otras-provincias","status":"publish","type":"post","link":"https:\/\/www.actualidadadiario.com\/index.php\/2017\/05\/24\/alerta-por-tormentas-intensas-abarca-el-norte-de-entre-rios-y-otras-provincias\/","title":{"rendered":"Alerta por tormentas intensas abarca el norte de Entre R\u00edos y otras provincias"},"content":{"rendered":"<p><em><strong>Se espera que &#8220;a partir de la tarde se desarrollen lluvias y tormentas, algunas intensas acompa\u00f1adas de abundante ca\u00edda de agua, granizo, fuerte actividad el\u00e9ctrica y r\u00e1fagas&#8221;. Mejorar\u00eda ma\u00f1ana con fuerte descenso de temperatura<\/strong><\/em><\/p>\n<p>&nbsp;<\/p>\n<p>&nbsp;<\/p>\n<p>&nbsp;<\/p>\n<p>El Servicio Meteorol\u00f3gico Nacional emiti\u00f3 a las 6 de este mi\u00e9rcoles un alerta por lluvias y tormentas intensas que abarca el norte de Entre R\u00edos, centro y sur de Corrientes y norte de Santa Fe.<\/p>\n<p>&nbsp;<\/p>\n<p>El informe se\u00f1ala que &#8220;sobre el \u00e1rea de cobertura prevalece una masa de aire h\u00fameda e inestable&#8221;.<\/p>\n<p>&nbsp;<\/p>\n<p>Se espera que &#8220;a partir de la tarde se desarrollen lluvias y tormentas, algunas intensas acompa\u00f1adas de abundante ca\u00edda de agua, ca\u00edda de granizo, fuerte actividad el\u00e9ctrica y r\u00e1fagas&#8221;.<\/p>\n<p>&nbsp;<\/p>\n<p>Las condiciones tender\u00e1n a mejorar hacia la tarde del jueves 25.<\/p>\n","protected":false},"excerpt":{"rendered":"<p>Se espera que &#8220;a partir de la tarde se desarrollen lluvias y tormentas, algunas intensas acompa\u00f1adas de abundante ca\u00edda de agua, granizo, fuerte actividad el\u00e9ctrica y r\u00e1fagas&#8221;. Mejorar\u00eda ma\u00f1ana con fuerte descenso de temperatura &nbsp; &nbsp; &nbsp; El Servicio Meteorol\u00f3gico Nacional emiti\u00f3 a las 6 de este mi\u00e9rcoles un alerta por lluvias y tormentas intensas que abarca el norte de Entre R\u00edos, centro y sur de Corrientes y norte de Santa Fe. &nbsp; El informe se\u00f1ala que &#8220;sobre el \u00e1rea de cobertura prevalece una masa de aire h\u00fameda e inestable&#8221;&#8230;.<\/p>\n","protected":false},"author":3,"featured_media":12064,"comment_status":"closed","ping_status":"closed","sticky":false,"template":"","format":"standard","meta":[],"categories":[15],"tags":[],"_links":{"self":[{"href":"https:\/\/www.actualidadadiario.com\/index.php\/wp-json\/wp\/v2\/posts\/12063"}],"collection":[{"href":"https:\/\/www.actualidadadiario.com\/index.php\/wp-json\/wp\/v2\/posts"}],"about":[{"href":"https:\/\/www.actualidadadiario.com\/index.php\/wp-json\/wp\/v2\/types\/post"}],"author":[{"embeddable":true,"href":"https:\/\/www.actualidadadiario.com\/index.php\/wp-json\/wp\/v2\/users\/3"}],"replies":[{"embeddable":true,"href":"https:\/\/www.actualidadadiario.com\/index.php\/wp-json\/wp\/v2\/comments?post=12063"}],"version-history":[{"count":1,"href":"https:\/\/www.actualidadadiario.com\/index.php\/wp-json\/wp\/v2\/posts\/12063\/revisions"}],"predecessor-version":[{"id":12065,"href":"https:\/\/www.actualidadadiario.com\/index.php\/wp-json\/wp\/v2\/posts\/12063\/revisions\/12065"}],"wp:featuredmedia":[{"embeddable":true,"href":"https:\/\/www.actualidadadiario.com\/index.php\/wp-json\/wp\/v2\/media\/12064"}],"wp:attachment":[{"href":"https:\/\/www.actualidadadiario.com\/index.php\/wp-json\/wp\/v2\/media?parent=12063"}],"wp:term":[{"taxonomy":"category","embeddable":true,"href":"https:\/\/www.actualidadadiario.com\/index.php\/wp-json\/wp\/v2\/categories?post=12063"},{"taxonomy":"post_tag","embeddable":true,"href":"https:\/\/www.actualidadadiario.com\/index.php\/wp-json\/wp\/v2\/tags?post=12063"}],"curies":[{"name":"wp","href":"https:\/\/api.w.org\/{rel}","templated":true}]}}