{"id":120629,"date":"2024-09-25T10:59:37","date_gmt":"2024-09-25T13:59:37","guid":{"rendered":"https:\/\/www.actualidadadiario.com\/?p=120629"},"modified":"2024-09-25T10:59:37","modified_gmt":"2024-09-25T13:59:37","slug":"recesion-el-consumo-volvio-a-desplomarse-y-cayo-mas-del-13-en-agosto","status":"publish","type":"post","link":"https:\/\/www.actualidadadiario.com\/index.php\/2024\/09\/25\/recesion-el-consumo-volvio-a-desplomarse-y-cayo-mas-del-13-en-agosto\/","title":{"rendered":"Recesi\u00f3n: el consumo volvi\u00f3 a desplomarse y cay\u00f3 m\u00e1s del 13% en agosto"},"content":{"rendered":"<p style=\"text-align: center;\"><em><strong>Un informe confirm\u00f3 el nuevo retroceso en t\u00e9rminos interanuales y tambi\u00e9n con relaci\u00f3n al mes de julio (-4,6%). &#8220;Las perspectivas para el \u00faltimo tramo del a\u00f1o es que los vol\u00famenes de venta interanual no puedan superarse&#8221;, aseguraron<\/strong><\/em><\/p>\n<p>&nbsp;<\/p>\n<p>&nbsp;<\/p>\n<p>La econom\u00eda en el gobierno de Javier Milei volvi\u00f3 a tener n\u00fameros rojos en agosto: el consumo masivo cay\u00f3 13,7% en forma interanual y 4,6% con respecto a julio. La baja ocurre en un contexto de recesi\u00f3n y ca\u00edda en la producci\u00f3n industrial que desembocan en una desplome en la imagen del Presidente.<\/p>\n<p>La ca\u00edda del consumo en el octavo mes del a\u00f1o es reflejada por un informe de la consultora Focus Market realizado en base a la lectura de c\u00f3digos de 756 puntos de mercados en todo el pa\u00eds. All\u00ed precis\u00f3 que la cantidad de tickets cayeron 10,3% en t\u00e9rminos interanuales y de 3,2% contra el per\u00edodo previo.<\/p>\n<p>&#8220;El consumo masivo contin\u00faa resentido. Las perspectivas para el \u00faltimo tramo del a\u00f1o es que los vol\u00famenes de venta interanual no puedan superarse. La comparaci\u00f3n es frente a un \u00faltimo cuatrimestre de 2023 que estuvo regada de anab\u00f3licos para mejorar las condiciones de la demanda con incremento de planes sociales, financiamiento, aumento de pensiones y jubilaciones en contexto eleccionario a los efectos de incrementar los consumos de los diferentes sectores socioecon\u00f3micos&#8221;, se\u00f1al\u00f3 el director de la consultora, Dami\u00e1n Di Pace.<\/p>\n<p>Al momento de poner el foco en el \u00c1rea Metropolitana de Buenos Aires (AMBA) el retroceso es del -11,5% interanual y -4,9% respecto de julio. &#8220;La econom\u00eda Argentina transita el paso de una econom\u00eda cargada de anab\u00f3licos el a\u00f1o pasado a una econom\u00eda que incorpora somn\u00edferos necesarios para reestablecer equilibrios macroecon\u00f3micos postergados en su correcci\u00f3n que tiene impacto y costos sobre todos los niveles socioecon\u00f3micos de la poblaci\u00f3n\u201d, analiz\u00f3 la consultora.<\/p>\n<p>Para luego agregar: \u201cLos ingresos de los argentinos son de dif\u00edcil recuperaci\u00f3n inmediata en una econom\u00eda que tiene mejoras muy lentas a nivel desestacionalizado mensual pero con ca\u00eddas interanuales\u201d.<\/p>\n<p>En el mismo sentido del informe de la consultora, la C\u00e1mara Argentina de Comercio (CAC) revel\u00f3 una baja del consumo de bienes y servicios de 7,8% contra agosto de 2024 y 1,8% con relaci\u00f3n a julio. De esta forma en ocho meses la contracci\u00f3n es de 6,4%.<\/p>\n","protected":false},"excerpt":{"rendered":"<p>Un informe confirm\u00f3 el nuevo retroceso en t\u00e9rminos interanuales y tambi\u00e9n con relaci\u00f3n al mes de julio (-4,6%). &#8220;Las perspectivas para el \u00faltimo tramo del a\u00f1o es que los vol\u00famenes de venta interanual no puedan superarse&#8221;, aseguraron &nbsp; &nbsp; La econom\u00eda en el gobierno de Javier Milei volvi\u00f3 a tener n\u00fameros rojos en agosto: el consumo masivo cay\u00f3 13,7% en forma interanual y 4,6% con respecto a julio. La baja ocurre en un contexto de recesi\u00f3n y ca\u00edda en la producci\u00f3n industrial que desembocan en una desplome en la imagen&#8230;<\/p>\n","protected":false},"author":3,"featured_media":117402,"comment_status":"closed","ping_status":"closed","sticky":false,"template":"","format":"standard","meta":[],"categories":[9],"tags":[],"_links":{"self":[{"href":"https:\/\/www.actualidadadiario.com\/index.php\/wp-json\/wp\/v2\/posts\/120629"}],"collection":[{"href":"https:\/\/www.actualidadadiario.com\/index.php\/wp-json\/wp\/v2\/posts"}],"about":[{"href":"https:\/\/www.actualidadadiario.com\/index.php\/wp-json\/wp\/v2\/types\/post"}],"author":[{"embeddable":true,"href":"https:\/\/www.actualidadadiario.com\/index.php\/wp-json\/wp\/v2\/users\/3"}],"replies":[{"embeddable":true,"href":"https:\/\/www.actualidadadiario.com\/index.php\/wp-json\/wp\/v2\/comments?post=120629"}],"version-history":[{"count":1,"href":"https:\/\/www.actualidadadiario.com\/index.php\/wp-json\/wp\/v2\/posts\/120629\/revisions"}],"predecessor-version":[{"id":120630,"href":"https:\/\/www.actualidadadiario.com\/index.php\/wp-json\/wp\/v2\/posts\/120629\/revisions\/120630"}],"wp:featuredmedia":[{"embeddable":true,"href":"https:\/\/www.actualidadadiario.com\/index.php\/wp-json\/wp\/v2\/media\/117402"}],"wp:attachment":[{"href":"https:\/\/www.actualidadadiario.com\/index.php\/wp-json\/wp\/v2\/media?parent=120629"}],"wp:term":[{"taxonomy":"category","embeddable":true,"href":"https:\/\/www.actualidadadiario.com\/index.php\/wp-json\/wp\/v2\/categories?post=120629"},{"taxonomy":"post_tag","embeddable":true,"href":"https:\/\/www.actualidadadiario.com\/index.php\/wp-json\/wp\/v2\/tags?post=120629"}],"curies":[{"name":"wp","href":"https:\/\/api.w.org\/{rel}","templated":true}]}}