{"id":120626,"date":"2024-09-25T10:58:40","date_gmt":"2024-09-25T13:58:40","guid":{"rendered":"https:\/\/www.actualidadadiario.com\/?p=120626"},"modified":"2024-09-25T10:58:40","modified_gmt":"2024-09-25T13:58:40","slug":"fuerte-ajuste-de-milei-a-la-educacion-en-el-presupuesto-2025-cae-38-real-contra-2023-y-suspende-leyes-clave","status":"publish","type":"post","link":"https:\/\/www.actualidadadiario.com\/index.php\/2024\/09\/25\/fuerte-ajuste-de-milei-a-la-educacion-en-el-presupuesto-2025-cae-38-real-contra-2023-y-suspende-leyes-clave\/","title":{"rendered":"Fuerte ajuste de Milei a la educaci\u00f3n en el Presupuesto 2025: cae 38% real contra 2023 y suspende leyes clave"},"content":{"rendered":"<p style=\"text-align: center;\"><em><strong>Seg\u00fan un informe, el gobierno libertario busca recortar los recursos a todas las \u00e1reas educativas. Las universidades perder\u00e1n casi un 30%, la formaci\u00f3n docente y la tecnolog\u00eda m\u00e1s de un 60%, infraestructura y jardines alrededor de un 70% y el Progresar, un 63%. \u00bfConectar Igualdad y ESI? Sin recursos<\/strong><\/em><\/p>\n<p>&nbsp;<\/p>\n<p>&nbsp;<\/p>\n<p>En pleno momento de ebullici\u00f3n y en la antesala del veto antiuniversidades de Javier Milei, paros y una nueva marcha multitudinaria como mecanismos de protesta, un informe revela que no s\u00f3lo el ajuste a la educaci\u00f3n incluido en el proyecto de Presupuesto 2025 roza el 40% real respecto de lo ejecutado en 2023 y alcanza todas las \u00e1reas y actividades sino que, adem\u00e1s, suspende leyes clave y con amplio consenso pol\u00edtico de las \u00faltimas d\u00e9cadas, y deja literalmente sin recursos programas de relevancia como el Conectar Igualdad y la Educaci\u00f3n Sexual Integral.<\/p>\n<p>Seg\u00fan un trabajo de la legisladora porte\u00f1a Maru Bielli, el proyecto de &#8220;ley de leyes&#8221; para el a\u00f1o pr\u00f3ximo que el Presidente present\u00f3 el fin de semana pasado ante un Congreso semi vac\u00edo y tomado con desinter\u00e9s por la poblaci\u00f3n seg\u00fan las mediciones de audiencia implica &#8220;una ca\u00edda del 38% en t\u00e9rminos reales&#8221; respecto del presupuesto ejecutado durante el \u00faltimo a\u00f1o de gesti\u00f3n del gobierno anterior, &#8220;lo que repercute en la ca\u00edda de pr\u00e1cticamente todos los programas de la Secretar\u00eda de Educaci\u00f3n y la eliminaci\u00f3n de algunos&#8221;.<\/p>\n<p>En concreto, se\u00f1ala el trabajo respecto del an\u00e1lisis general de la inciativa presupuestaria, se consigna que el presupuesto 2024 es una pr\u00f3rroga del presupuesto de 2023, es decir, que el presupuesto inicial de este a\u00f1o es el mismo que el ejecutado en 2023. Sin embargo, en el presupuesto vigente a septiembre 2024 se observa que &#8220;si bien pr\u00e1cticamente todas las partidas tuvieron una ampliaci\u00f3n, \u00e9ste fue muy por debajo de la inflaci\u00f3n.<\/p>\n<p>El an\u00e1lisis abord\u00f3 la variaci\u00f3n en t\u00e9rminos reales del presupuesto proyectado para 2025 en relaci\u00f3n al presupuesto devengado en 2023, incluida la ca\u00edda entre 2023 y 2024. Tambi\u00e9n se tuvo en cuenta la subejecuci\u00f3n a septiembre de este a\u00f1o. Las variaciones reales se calcularon usando la variaci\u00f3n del \u00cdndice de Precios al Consumidor (IPC) del Nivel General Nacional y para realizar comparaciones del presupuesto vigente en relaci\u00f3n al proyectado 2025 se utiliz\u00f3 la inflaci\u00f3n promedio interanual impl\u00edcita en el proyecto del presupuesto 2025, la cual es del 27,3%.<\/p>\n<p>As\u00ed, comparado con el presupuesto devengado 2023, hay una ca\u00edda en el presupuesto destinado a casi todos los programas de la Secretar\u00eda de Educaci\u00f3n, salvo Gesti\u00f3n Educativa y Pol\u00edticas Socioeducativas, aumento que se explica por el traslado de los recursos para Comedores Escolares a la Secretar\u00eda de Educaci\u00f3n. Tambi\u00e9n por la creaci\u00f3n del Plan Nacional de Alfabetizaci\u00f3n, cuyo presupuesto representa el 11,6% del total y que no es m\u00e1s que &#8220;la suma de iniciativas provinciales&#8221; ya existentes.<\/p>\n<p>En tanto, el Fondo Nacional de Incentivo Docente aparece eliminado y pasa a denominarse Fondo de compensaci\u00f3n salarial docente. La ca\u00edda de recursos para esta pol\u00edtica, de la que depende el pago del salario de los docentes de todo el pa\u00eds, es estrepitosa: pierde un 72% respecto del presupuesto vigente en 2024 y 98% comparado con 2023.<\/p>\n<p>El Plan Conectar Igualdad directamente no tiene presupuesto asignado para 2025 y hasta septiembre de 2024 s\u00f3lo se ejecut\u00f3 el 35% de lo asignado, que adem\u00e1s hab\u00eda sido congelado respecto de 2023.<\/p>\n<p>Tambi\u00e9n se elimin\u00f3 el presupuesto para el Fortalecimiento de Educaci\u00f3n Sexual Integral &#8211; que para septiembre de 2024 tuvo una ejecuci\u00f3n de 0,3% &#8211; y el programa de fortalecimiento de las comunidades educativas para la plena implementaci\u00f3n de las leyes de Centros de Estudiantes y de Cooperadoras Escolares.<\/p>\n<p>&nbsp;<\/p>\n<p><strong>Leyes clave y con consenso, afuera<\/strong><\/p>\n<p>El trabajo realizado por la legisladora porte\u00f1a Maru Bielli marca que se &#8220;eliminan consensos de pisos presupuestarios para el \u00e1rea -establecidos mediante distintas leyes- que han sido acuerdos de la enorme mayor\u00eda de las fuerzas pol\u00edticas y que marcan un rumbo de inversi\u00f3n que debe ser alcanzado en el mediano plazo&#8221;.<\/p>\n<p>&#8220;Les pide a los y las diputadas que voten en contra de leyes que han sido votadas casi por unanimidad en todos los casos&#8221;, afirma.<\/p>\n<p>En concreto, se refiere a la suspensi\u00f3n del cumplimiento de las leyes N\u00ba 26.206 &#8211; art\u00edculo 9\u00ba, que establece un piso de 6% del PBI destinado a educaci\u00f3n; de la Ley N\u00ba 26.058, art\u00edculo 52, que establece un fondo de Educaci\u00f3n T\u00e9cnico Profesional no inferior al 0,2% del total de los ingresos corrientes del presupuesto; la Ley N\u00ba 27.614 &#8211; art\u00edculos 5\u00ba, 6\u00ba y 7\u00ba &#8211; que establecen el aumento progresivo del presupuesto de Ciencia y T\u00e9cnica hasta alcanzar el 1% en 2032.<\/p>\n<p>Es grave, por ejemplo, el caso de la suspensi\u00f3n del art\u00edculo 9 de la ley 26.206, ya que desde la sanci\u00f3n de esa iniciativa &#8220;fue aumentando progresivamente la inversi\u00f3n en educaci\u00f3n hasta el a\u00f1o 2015&#8221; y &#8220;a partir de all\u00ed comenz\u00f3 a descender el porcentaje de PBI destinado a tal fin&#8221;.<\/p>\n<p>&nbsp;<\/p>\n<p><strong>Vaciar las universidades<\/strong><\/p>\n<p>Para 2025, el gobierno de Milei proyecta aumentar un 2% los recursos con relaci\u00f3n a lo que el mismo Presidente hizo en su primer a\u00f1o de gesti\u00f3n, pero si se compara el presupuesto que propone con el que se ejecut\u00f3 en el \u00faltimo a\u00f1o del gobierno anterior, la ca\u00edda es de un 29%.<\/p>\n<p>Si se miran los n\u00fameros para las universidades nacionales de la \u00faltima d\u00e9cada, surge que cay\u00f3 un 35% respecto de lo que se destin\u00f3 a ese fin en 2015. Pero el dato principal es qui\u00e9n y qu\u00e9 tipo de gobiernos vac\u00edan de fondos a las universidades: &#8220;los a\u00f1os de ca\u00edda presupuestaria fueron durante el gobierno de (Mauricio) Macri de 2018 a 2019, donde cay\u00f3 un 18%, y en el primer a\u00f1o de gobierno de Milei, de 2023 a 2024, donde la ca\u00edda es del 30%&#8221;.<\/p>\n<p>Con la gesti\u00f3n del segundo mandato de Cristina Fern\u00e1ndez de Kirchner las universidades ganaron recursos en un 10% y con la administraci\u00f3n de Alberto Fern\u00e1ndez el aumento fue de un 9%. En cambio, del total del gobierno de Macri surge que las casas de altos estudios perdieron un 17%. Con Milei ya se redujeron en un 29% y todo indica que ir\u00e1 peor en adelante.<\/p>\n<p>&nbsp;<\/p>\n<p><strong>Innovaci\u00f3n tecnol\u00f3gica y formaci\u00f3n docente, abajo<\/strong><\/p>\n<p>El Programa de Innovaci\u00f3n y Desarrollo de la Formaci\u00f3n Tecnol\u00f3gica refleja los objetivos planteados por la Secretar\u00eda de Educaci\u00f3n de la Naci\u00f3n en sus pol\u00edticas presupuestarias desarrolladas bajo la gesti\u00f3n del Instituto Nacional de Educaci\u00f3n Tecnol\u00f3gica (INET) que tiene a su cargo el dise\u00f1o e implementaci\u00f3n de pol\u00edticas educativas relacionadas con la Educaci\u00f3n T\u00e9cnico- Profesional (ETP).<\/p>\n<p>Pues bien, el presupuesto proyectado para 2025 disminuye un 21% en relaci\u00f3n al presupuesto vigente 2024 y la ca\u00edda es a\u00fan mayor al compararlo con el presupuesto ejecutado ee 2023: cae un 66% en relaci\u00f3n al ejecutado de 2023. Adem\u00e1s, a septiembre de 2024 este programa presenta una ejecuci\u00f3n que alcanza solamente el 27%, incluyendo casos de actividades y pol\u00edticas que directamente no tuvieron nada de ejecuci\u00f3n.<\/p>\n<p>En cuanto al presupuesto para el programa de Acciones de Formaci\u00f3n Docente, o sea la actualizaci\u00f3n y formaci\u00f3n de los maestros y profesores, Milei quiere reducirlo en un 13% en relaci\u00f3n a 2024 y sacarle, a\u00fan peor, un 63% si se lo compara con lo destinado a ese fin en 2023.<\/p>\n<p>&nbsp;<\/p>\n<p><strong>\u00bfInfraestructura y Jardines de Infantes? \u00bfPara qu\u00e9?<\/strong><\/p>\n<p>Para 2025, Milei parece no querer pintar ni una pared de escuelas p\u00fablicas. El recorte en relaci\u00f3n a 2024 es del 18% y del 71% si la comparaci\u00f3n en t\u00e9rminos reales se hace con lo ejecutado en 2023.<\/p>\n<p>Los jardines de infantes, tan mencionados en los discursos pol\u00edticos de todos los colores &#8211; como por ejemplo Mauricio Macri, principal aliado de Milei -, sufrir\u00e1n un desfinanciamiento dur\u00edsimo.<\/p>\n<p>Para 2025, el programa de Fortalecimiento Edilicio de Jardines de Infante cae un 30% y, comparado con lo que se ejecut\u00f3 en 2023, un 69%.<\/p>\n<p>Es llamativo que en el presupuesto vigente 2024 hay 136 jardines en actividad 51 que no figuran en el proyecto de presupuesto 2025. Son 113 las unidades en las que la ejecuci\u00f3n a septiembre de este a\u00f1o es 0. O sea los estuvieron eliminando y los eliminar\u00e1n definitivamente para el pr\u00f3ximo a\u00f1o. No se har\u00e1n los jardines proyectados ni los iniciados y no se har\u00e1n otros nuevos.<\/p>\n<p>&nbsp;<\/p>\n<p><strong>Becas a estudiantes, afuera<\/strong><\/p>\n<p>El programa de becas a estudiantes tiene como objetivos &#8220;promover el acceso, la permanencia y la finalizaci\u00f3n de la escolaridad obligatoria y la educaci\u00f3n superior, tanto no universitaria como universitaria, incluyendo la formaci\u00f3n profesional\u00a0 y promoviendo la formaci\u00f3n en enfermer\u00eda, los estudios de posgrado&#8221;.<\/p>\n<p>Al programa 37, para 2025 cae un 21% respecto de este a\u00f1o y un 63% en relaci\u00f3n al ejecutado en 2023. En este sentido, es estrepitosa la ca\u00edda de un programa clave, como el Progresar, que el gobierno de Milei lo proyecta con una ca\u00edda real del 63% respecto de lo ejecutado en 2023. En cuanto a las becas socioeducativas, ya se acumula un 91% de desplome desde que gobierna La Libertad Avanza.<\/p>\n","protected":false},"excerpt":{"rendered":"<p>Seg\u00fan un informe, el gobierno libertario busca recortar los recursos a todas las \u00e1reas educativas. Las universidades perder\u00e1n casi un 30%, la formaci\u00f3n docente y la tecnolog\u00eda m\u00e1s de un 60%, infraestructura y jardines alrededor de un 70% y el Progresar, un 63%. \u00bfConectar Igualdad y ESI? Sin recursos &nbsp; &nbsp; En pleno momento de ebullici\u00f3n y en la antesala del veto antiuniversidades de Javier Milei, paros y una nueva marcha multitudinaria como mecanismos de protesta, un informe revela que no s\u00f3lo el ajuste a la educaci\u00f3n incluido en el&#8230;<\/p>\n","protected":false},"author":3,"featured_media":120627,"comment_status":"closed","ping_status":"closed","sticky":false,"template":"","format":"standard","meta":[],"categories":[9],"tags":[],"_links":{"self":[{"href":"https:\/\/www.actualidadadiario.com\/index.php\/wp-json\/wp\/v2\/posts\/120626"}],"collection":[{"href":"https:\/\/www.actualidadadiario.com\/index.php\/wp-json\/wp\/v2\/posts"}],"about":[{"href":"https:\/\/www.actualidadadiario.com\/index.php\/wp-json\/wp\/v2\/types\/post"}],"author":[{"embeddable":true,"href":"https:\/\/www.actualidadadiario.com\/index.php\/wp-json\/wp\/v2\/users\/3"}],"replies":[{"embeddable":true,"href":"https:\/\/www.actualidadadiario.com\/index.php\/wp-json\/wp\/v2\/comments?post=120626"}],"version-history":[{"count":1,"href":"https:\/\/www.actualidadadiario.com\/index.php\/wp-json\/wp\/v2\/posts\/120626\/revisions"}],"predecessor-version":[{"id":120628,"href":"https:\/\/www.actualidadadiario.com\/index.php\/wp-json\/wp\/v2\/posts\/120626\/revisions\/120628"}],"wp:featuredmedia":[{"embeddable":true,"href":"https:\/\/www.actualidadadiario.com\/index.php\/wp-json\/wp\/v2\/media\/120627"}],"wp:attachment":[{"href":"https:\/\/www.actualidadadiario.com\/index.php\/wp-json\/wp\/v2\/media?parent=120626"}],"wp:term":[{"taxonomy":"category","embeddable":true,"href":"https:\/\/www.actualidadadiario.com\/index.php\/wp-json\/wp\/v2\/categories?post=120626"},{"taxonomy":"post_tag","embeddable":true,"href":"https:\/\/www.actualidadadiario.com\/index.php\/wp-json\/wp\/v2\/tags?post=120626"}],"curies":[{"name":"wp","href":"https:\/\/api.w.org\/{rel}","templated":true}]}}