{"id":120623,"date":"2024-09-25T10:09:28","date_gmt":"2024-09-25T13:09:28","guid":{"rendered":"https:\/\/www.actualidadadiario.com\/?p=120623"},"modified":"2024-09-25T10:09:28","modified_gmt":"2024-09-25T13:09:28","slug":"se-lanzara-el-sello-de-calidad-arroz-entrerriano","status":"publish","type":"post","link":"https:\/\/www.actualidadadiario.com\/index.php\/2024\/09\/25\/se-lanzara-el-sello-de-calidad-arroz-entrerriano\/","title":{"rendered":"Se lanzar\u00e1 el sello de calidad &#8220;Arroz Entrerriano&#8221;"},"content":{"rendered":"<p style=\"text-align: center;\"><em><strong>El 8 de octubre la Secretar\u00eda de Industria, Comercio y Miner\u00eda del Ministerio de Desarrollo Productivo de Entre R\u00edos presentar\u00e1 oficialmente el sello de calidad &#8220;Arroz Entrerriano&#8221;, un distintivo que busca destacar la excelencia del arroz producido en la provincia. Se har\u00e1 junto al inicio de la campa\u00f1a arrocera 2024\/2025 y ser\u00e1 la primera marca que tendr\u00e1 la provincia luego de haberse aprobado la ley de marca &#8220;Entre R\u00edos&#8221; en 2019<\/strong><\/em><\/p>\n<p>&nbsp;<\/p>\n<p>&nbsp;<\/p>\n<p>&nbsp;<\/p>\n<p>La presentaci\u00f3n coincidir\u00e1 con el comienzo de la campa\u00f1a arrocera 2024\/2025, en una cita que reunir\u00e1 a productores, molinos y autoridades locales en la zona rural de General Campos, departamento de San Salvador.<\/p>\n<p>El sello &#8220;Arroz Entrerriano&#8221; tiene como objetivo no solo posicionar el arroz de la provincia en los mercados nacionales e internacionales, sino tambi\u00e9n fortalecer la identidad y el valor agregado de un producto clave en la econom\u00eda regional. Las empresas certificadas podr\u00e1n utilizar esta distinci\u00f3n en sus productos, reforzando la confianza de los consumidores en la calidad del arroz.<\/p>\n<p>La iniciativa forma parte de un plan integral que busca potenciar la producci\u00f3n arrocera de Entre R\u00edos, una cadena con casi 100 a\u00f1os de historia, que genera m\u00e1s de 5000 empleos directos e indirectos.<\/p>\n<p>En esta primera etapa, el sello &#8220;Arroz Entrerriano&#8221; certificar\u00e1 exclusivamente la variedad Gur\u00ed, una de las m\u00e1s representativas de la regi\u00f3n.<\/p>\n<p>Hasta el momento, son ocho las empresas que han obtenido la certificaci\u00f3n de calidad, garantizando que su arroz cumple con los m\u00e1s altos est\u00e1ndares provinciales en cuanto a calidad, sustentabilidad y trazabilidad.<\/p>\n","protected":false},"excerpt":{"rendered":"<p>El 8 de octubre la Secretar\u00eda de Industria, Comercio y Miner\u00eda del Ministerio de Desarrollo Productivo de Entre R\u00edos presentar\u00e1 oficialmente el sello de calidad &#8220;Arroz Entrerriano&#8221;, un distintivo que busca destacar la excelencia del arroz producido en la provincia. Se har\u00e1 junto al inicio de la campa\u00f1a arrocera 2024\/2025 y ser\u00e1 la primera marca que tendr\u00e1 la provincia luego de haberse aprobado la ley de marca &#8220;Entre R\u00edos&#8221; en 2019 &nbsp; &nbsp; &nbsp; La presentaci\u00f3n coincidir\u00e1 con el comienzo de la campa\u00f1a arrocera 2024\/2025, en una cita que reunir\u00e1&#8230;<\/p>\n","protected":false},"author":3,"featured_media":120624,"comment_status":"closed","ping_status":"closed","sticky":false,"template":"","format":"standard","meta":[],"categories":[15],"tags":[],"_links":{"self":[{"href":"https:\/\/www.actualidadadiario.com\/index.php\/wp-json\/wp\/v2\/posts\/120623"}],"collection":[{"href":"https:\/\/www.actualidadadiario.com\/index.php\/wp-json\/wp\/v2\/posts"}],"about":[{"href":"https:\/\/www.actualidadadiario.com\/index.php\/wp-json\/wp\/v2\/types\/post"}],"author":[{"embeddable":true,"href":"https:\/\/www.actualidadadiario.com\/index.php\/wp-json\/wp\/v2\/users\/3"}],"replies":[{"embeddable":true,"href":"https:\/\/www.actualidadadiario.com\/index.php\/wp-json\/wp\/v2\/comments?post=120623"}],"version-history":[{"count":1,"href":"https:\/\/www.actualidadadiario.com\/index.php\/wp-json\/wp\/v2\/posts\/120623\/revisions"}],"predecessor-version":[{"id":120625,"href":"https:\/\/www.actualidadadiario.com\/index.php\/wp-json\/wp\/v2\/posts\/120623\/revisions\/120625"}],"wp:featuredmedia":[{"embeddable":true,"href":"https:\/\/www.actualidadadiario.com\/index.php\/wp-json\/wp\/v2\/media\/120624"}],"wp:attachment":[{"href":"https:\/\/www.actualidadadiario.com\/index.php\/wp-json\/wp\/v2\/media?parent=120623"}],"wp:term":[{"taxonomy":"category","embeddable":true,"href":"https:\/\/www.actualidadadiario.com\/index.php\/wp-json\/wp\/v2\/categories?post=120623"},{"taxonomy":"post_tag","embeddable":true,"href":"https:\/\/www.actualidadadiario.com\/index.php\/wp-json\/wp\/v2\/tags?post=120623"}],"curies":[{"name":"wp","href":"https:\/\/api.w.org\/{rel}","templated":true}]}}