{"id":120621,"date":"2024-09-25T10:08:06","date_gmt":"2024-09-25T13:08:06","guid":{"rendered":"https:\/\/www.actualidadadiario.com\/?p=120621"},"modified":"2024-09-25T10:08:06","modified_gmt":"2024-09-25T13:08:06","slug":"docentes-arrancaron-un-paro-de-48-horas","status":"publish","type":"post","link":"https:\/\/www.actualidadadiario.com\/index.php\/2024\/09\/25\/docentes-arrancaron-un-paro-de-48-horas\/","title":{"rendered":"Docentes arrancaron un paro de 48 horas"},"content":{"rendered":"<p style=\"text-align: center;\"><em><strong>Docentes de Agmer, AMET y Sadop iniciaron un paro que se extender\u00e1 durante este mi\u00e9rcoles y el jueves, luego de no llegar a un acuerdo salarial con el Gobierno en la negociaci\u00f3n paritaria en el \u00e1mbito del Ministerio de Trabajo, ni en la conciliaci\u00f3n obligatoria dispuesta por la justicia. La semana pr\u00f3xima har\u00e1n otra huelga de 72 horas<\/strong><\/em><\/p>\n<p>&nbsp;<\/p>\n<p>&nbsp;<\/p>\n<p>La Asociaci\u00f3n Gremial del Magisterio de Entre R\u00edos (Agmer) resolvi\u00f3 estas medidas en su \u00faltimo Congreso Extraordinario, realizado el jueves 19 de septiembre, y la comunic\u00f3 a la jueza laboral Mar\u00eda Alejandra Abud el viernes, luego de que los representantes gubernamentales llevaran a Tribunales una nueva propuesta, que considera \u201canticonstitucional\u201d.<\/p>\n<p>Tanto la Asociaci\u00f3n del Magisterio de la Ense\u00f1anza T\u00e9cnica (AMET) como el Sindicato Argentino de Docentes Privados (Sadop) se sumaron a esta medida de acci\u00f3n resuelta en el marco del Frente Gremial.<\/p>\n<p>Ya con la decisi\u00f3n tomada de instrumentar el paro por parte de los gremios, el gobernador Rogelio Frigerio anunci\u00f3 este martes en conferencia de prensa la decisi\u00f3n de pagar el aumento salarial a docentes por decreto, adem\u00e1s de otras medidas, entre ellas la restituci\u00f3n del Fonid y Conectividad con recursos provinciales.<\/p>\n","protected":false},"excerpt":{"rendered":"<p>Docentes de Agmer, AMET y Sadop iniciaron un paro que se extender\u00e1 durante este mi\u00e9rcoles y el jueves, luego de no llegar a un acuerdo salarial con el Gobierno en la negociaci\u00f3n paritaria en el \u00e1mbito del Ministerio de Trabajo, ni en la conciliaci\u00f3n obligatoria dispuesta por la justicia. La semana pr\u00f3xima har\u00e1n otra huelga de 72 horas &nbsp; &nbsp; La Asociaci\u00f3n Gremial del Magisterio de Entre R\u00edos (Agmer) resolvi\u00f3 estas medidas en su \u00faltimo Congreso Extraordinario, realizado el jueves 19 de septiembre, y la comunic\u00f3 a la jueza laboral&#8230;<\/p>\n","protected":false},"author":3,"featured_media":115917,"comment_status":"closed","ping_status":"closed","sticky":false,"template":"","format":"standard","meta":[],"categories":[15],"tags":[],"_links":{"self":[{"href":"https:\/\/www.actualidadadiario.com\/index.php\/wp-json\/wp\/v2\/posts\/120621"}],"collection":[{"href":"https:\/\/www.actualidadadiario.com\/index.php\/wp-json\/wp\/v2\/posts"}],"about":[{"href":"https:\/\/www.actualidadadiario.com\/index.php\/wp-json\/wp\/v2\/types\/post"}],"author":[{"embeddable":true,"href":"https:\/\/www.actualidadadiario.com\/index.php\/wp-json\/wp\/v2\/users\/3"}],"replies":[{"embeddable":true,"href":"https:\/\/www.actualidadadiario.com\/index.php\/wp-json\/wp\/v2\/comments?post=120621"}],"version-history":[{"count":1,"href":"https:\/\/www.actualidadadiario.com\/index.php\/wp-json\/wp\/v2\/posts\/120621\/revisions"}],"predecessor-version":[{"id":120622,"href":"https:\/\/www.actualidadadiario.com\/index.php\/wp-json\/wp\/v2\/posts\/120621\/revisions\/120622"}],"wp:featuredmedia":[{"embeddable":true,"href":"https:\/\/www.actualidadadiario.com\/index.php\/wp-json\/wp\/v2\/media\/115917"}],"wp:attachment":[{"href":"https:\/\/www.actualidadadiario.com\/index.php\/wp-json\/wp\/v2\/media?parent=120621"}],"wp:term":[{"taxonomy":"category","embeddable":true,"href":"https:\/\/www.actualidadadiario.com\/index.php\/wp-json\/wp\/v2\/categories?post=120621"},{"taxonomy":"post_tag","embeddable":true,"href":"https:\/\/www.actualidadadiario.com\/index.php\/wp-json\/wp\/v2\/tags?post=120621"}],"curies":[{"name":"wp","href":"https:\/\/api.w.org\/{rel}","templated":true}]}}