{"id":120617,"date":"2024-09-25T10:07:00","date_gmt":"2024-09-25T13:07:00","guid":{"rendered":"https:\/\/www.actualidadadiario.com\/?p=120617"},"modified":"2024-09-25T10:07:15","modified_gmt":"2024-09-25T13:07:15","slug":"azcue-busca-aliviar-a-la-clase-media-con-una-reforma-tributaria","status":"publish","type":"post","link":"https:\/\/www.actualidadadiario.com\/index.php\/2024\/09\/25\/azcue-busca-aliviar-a-la-clase-media-con-una-reforma-tributaria\/","title":{"rendered":"Azcu\u00e9 busca aliviar a la clase media con una reforma tributaria"},"content":{"rendered":"<p style=\"text-align: center;\"><em><strong>El intendente radical apuesta a una reducci\u00f3n de 300 tasas municipales. Alto voltaje en la narrativa, bajo impacto fiscal<\/strong><\/em><\/p>\n<p>&nbsp;<\/p>\n<p>&nbsp;<\/p>\n<p>El proyecto ser\u00e1 ingresado este mismo mi\u00e9rcoles al Concejo Deliberante y puntualmente incluye una modificaci\u00f3n en el cobro de la tasa de alumbrado p\u00fablico, que desde ahora tendr\u00e1 un tope de 350 kilovatios de consumo domiciliario, lo que implicar\u00e1 -seg\u00fan se informa oficialmente- una rebaja &#8220;que impactar\u00e1 especialmente en los peque\u00f1os comercios y a nivel residencial&#8221;.<\/p>\n<p>La presentaci\u00f3n y la explicaci\u00f3n t\u00e9cnica de la iniciativa estuvo a cargo de la viceintendente Magdalena Reta de Urquiza, record\u00e1ndose que cuando era concejal, hab\u00eda presentado esta propuesta en tres ocasiones, durante la gesti\u00f3n que finaliz\u00f3 en diciembre de 2023.<\/p>\n<p>Reta de Urquiza felicit\u00f3 al intendente Azcu\u00e9 \u201cporque esto implica un esfuerzo importante para la Municipalidad\u201d y explic\u00f3 que se trata de \u201climitar el cobro de la tasa de alumbrado a 350 kilowatts. Tanto para comercios como para microemprendedores o para industrias y tambi\u00e9n para las familias\u201d.<\/p>\n<p>&nbsp;<\/p>\n<p><strong>Equitativo<\/strong><\/p>\n<p>Precis\u00f3 que \u201cen el caso de las familias esto es equitativo, porque hay tres tarifas. Hay tarifas para consumidores de clase baja, media y alta, por lo tanto los 350 kilowatts, ser\u00e1n un porcentaje que no va a ser igual para todas las familias, sino que quienes pagan la tarifa tipo 1 pagar\u00e1n un 16% de los 350 kilowatts, las familias tipo 2 pagar\u00e1n otro monto y as\u00ed sucesivamente. Eso depender\u00e1 de cada factura, de cada familia\u201d, expres\u00f3.<\/p>\n<p>Remarc\u00f3 que \u201ces algo importante para el comercio y para la industria porque estaban pagando un porcentaje de todo el consumo de electricidad y est\u00e1bamos siempre pensando en los restaurantes, las cafeter\u00edas, las carnicer\u00edas, un mont\u00f3n de comercios que utilizan mucha energ\u00eda y esto va a ser un gran alivio que va a aliviar los costos. Sabemos que hoy la econom\u00eda reci\u00e9n empieza a remontar y esperemos que siga en este camino\u201d, manifest\u00f3.<\/p>\n<p>&nbsp;<\/p>\n<p><strong>250 millones menos de ingreso<\/strong><\/p>\n<p>Seguidamente, el intendente Azcu\u00e9 reafirm\u00f3 los conceptos expresados por la presidente del Concejo Deliberante y destac\u00f3 que el tope para la tasa de alumbrado p\u00fablico beneficiar\u00e1 especialmente a los peque\u00f1os comercios que tienen alto consumo de electricidad. Detall\u00f3 que la medida tendr\u00e1 un costo fiscal aproximado de 250 millones hasta fin de a\u00f1o.<\/p>\n<p>Record\u00f3 que \u201cesta medida que acaba de anunciar Magdalena, ella la hab\u00eda propuesto cuando fue concejal, tres veces\u201d.<\/p>\n<p>El jefe comunal se mostr\u00f3 confiado en que la iniciativa tenga respald\u00f3 en el Concejo Deliberante, \u201cya que tenemos una mayor\u00eda en el Concejo Deliberante, y en este caso doy por hecho que tengo el acompa\u00f1amiento de los concejales que hoy est\u00e1n presentes de la Libertad Avanza, la vamos a poder concretar\u201d.<\/p>\n<p>&nbsp;<\/p>\n<p><strong>Personas involucradas<\/strong><\/p>\n<p>El intendente Francisco Azcu\u00e9 felicit\u00f3 \u201ca todas las personas que han trabajado en este proyecto, a la Secretar\u00eda de Hacienda, a la Direcci\u00f3n de Rentas, realmente un trabajo con mucha seriedad, con mucha dedicaci\u00f3n\u201d.<\/p>\n<p>En ese marco dijo que quer\u00eda \u201cfelicitar especialmente a nuestra Viceintendente, que se ha puesto realmente a la cabeza de este trabajo en relaci\u00f3n con las instituciones intermedias. Quiero felicitar las instituciones intermedias que han aportado y mucho para que este proyecto de reforma sea posible y una de las cuestiones que me llena de orgullo y satisfacci\u00f3n es saber que estamos cumpliendo con aquello que nos hemos comprometido\u201d, expres\u00f3.<\/p>\n<p>Record\u00f3 que \u201chab\u00edamos elaborado un plan de gobierno y un proyecto pol\u00edtico que consist\u00eda en tres pilares. Uno era el desarrollo humano, otro el desarrollo productivo y otro el orden institucional\u201d, detall\u00f3.<\/p>\n<p>En relaci\u00f3n al desarrollo productivo, -agreg\u00f3- hab\u00edamos puesto sobre la mesa estas ideas y dijimos que \u00edbamos a hacer esto, que \u00edbamos a descomprimir impositivamente, que \u00edbamos a desburocratizar, a tomar todas estas medidas que hoy estamos presentando\u201d.<\/p>\n<p>&nbsp;<\/p>\n<p><strong>Pol\u00edtica p\u00fablica estatal<\/strong><\/p>\n<p>Remarc\u00f3 que \u201cesto es el comienzo reci\u00e9n, porque estas no son medidas aisladas, como les dec\u00eda. Esta es una posici\u00f3n que tenemos, es una pol\u00edtica p\u00fablica estatal, municipal, que vamos a tomar a lo largo de toda nuestra gesti\u00f3n. Mientras yo sea intendente de esta ciudad, esta va a ser nuestra posici\u00f3n\u201d, prometi\u00f3.<\/p>\n<p>\u201cPor eso este esfuerzo que estamos haciendo, -remarc\u00f3- si bien representa una p\u00e9rdida tal vez en la recaudaci\u00f3n, creemos que va a ser a largo plazo beneficioso esta ampliaci\u00f3n de la base impositiva y dejar ciertas pr\u00e1cticas que creo que nos han hecho mucho da\u00f1o, esta actividad de pescar en la pecera, siempre cobrar a los mismos\u201d.<\/p>\n<p>Seguidamente critic\u00f3 a \u201clas acciones que no nos han llevado a ning\u00fan lado\u201d, pr\u00e1cticas \u201cque realmente no han generado progreso, no han generado prosperidad, no han generado inversi\u00f3n, desarrollo, ni empleo\u201d. Agregando \u201cla gran satisfacci\u00f3n de avanzar en aquella posici\u00f3n que tomamos desde el fin de la construcci\u00f3n de nuestro proyecto pol\u00edtico de los concordienses, que era gobernar de la mano de las instituciones\u201d, manifest\u00f3.<\/p>\n<p>Por \u00faltimo, dijo buscar que \u201ca lo largo de nuestra gesti\u00f3n, Concordia sea reconocida como una ciudad que se encuentre dentro de las mejores del pa\u00eds en relaci\u00f3n a las condiciones para la inversi\u00f3n, una de las ciudades donde haya menos trabas burocr\u00e1ticas, donde haya una mejor relaci\u00f3n entre el ciudadano y el Estado municipal. Tenemos much\u00edsimos proyectos para llevar adelante\u201d, finaliz\u00f3.<\/p>\n","protected":false},"excerpt":{"rendered":"<p>El intendente radical apuesta a una reducci\u00f3n de 300 tasas municipales. Alto voltaje en la narrativa, bajo impacto fiscal &nbsp; &nbsp; El proyecto ser\u00e1 ingresado este mismo mi\u00e9rcoles al Concejo Deliberante y puntualmente incluye una modificaci\u00f3n en el cobro de la tasa de alumbrado p\u00fablico, que desde ahora tendr\u00e1 un tope de 350 kilovatios de consumo domiciliario, lo que implicar\u00e1 -seg\u00fan se informa oficialmente- una rebaja &#8220;que impactar\u00e1 especialmente en los peque\u00f1os comercios y a nivel residencial&#8221;. La presentaci\u00f3n y la explicaci\u00f3n t\u00e9cnica de la iniciativa estuvo a cargo de&#8230;<\/p>\n","protected":false},"author":3,"featured_media":120618,"comment_status":"closed","ping_status":"closed","sticky":false,"template":"","format":"standard","meta":[],"categories":[15],"tags":[],"_links":{"self":[{"href":"https:\/\/www.actualidadadiario.com\/index.php\/wp-json\/wp\/v2\/posts\/120617"}],"collection":[{"href":"https:\/\/www.actualidadadiario.com\/index.php\/wp-json\/wp\/v2\/posts"}],"about":[{"href":"https:\/\/www.actualidadadiario.com\/index.php\/wp-json\/wp\/v2\/types\/post"}],"author":[{"embeddable":true,"href":"https:\/\/www.actualidadadiario.com\/index.php\/wp-json\/wp\/v2\/users\/3"}],"replies":[{"embeddable":true,"href":"https:\/\/www.actualidadadiario.com\/index.php\/wp-json\/wp\/v2\/comments?post=120617"}],"version-history":[{"count":2,"href":"https:\/\/www.actualidadadiario.com\/index.php\/wp-json\/wp\/v2\/posts\/120617\/revisions"}],"predecessor-version":[{"id":120620,"href":"https:\/\/www.actualidadadiario.com\/index.php\/wp-json\/wp\/v2\/posts\/120617\/revisions\/120620"}],"wp:featuredmedia":[{"embeddable":true,"href":"https:\/\/www.actualidadadiario.com\/index.php\/wp-json\/wp\/v2\/media\/120618"}],"wp:attachment":[{"href":"https:\/\/www.actualidadadiario.com\/index.php\/wp-json\/wp\/v2\/media?parent=120617"}],"wp:term":[{"taxonomy":"category","embeddable":true,"href":"https:\/\/www.actualidadadiario.com\/index.php\/wp-json\/wp\/v2\/categories?post=120617"},{"taxonomy":"post_tag","embeddable":true,"href":"https:\/\/www.actualidadadiario.com\/index.php\/wp-json\/wp\/v2\/tags?post=120617"}],"curies":[{"name":"wp","href":"https:\/\/api.w.org\/{rel}","templated":true}]}}