{"id":120615,"date":"2024-09-25T10:05:38","date_gmt":"2024-09-25T13:05:38","guid":{"rendered":"https:\/\/www.actualidadadiario.com\/?p=120615"},"modified":"2024-09-25T10:05:38","modified_gmt":"2024-09-25T13:05:38","slug":"agmer-ratifico-su-plan-de-lucha","status":"publish","type":"post","link":"https:\/\/www.actualidadadiario.com\/index.php\/2024\/09\/25\/agmer-ratifico-su-plan-de-lucha\/","title":{"rendered":"AGMER ratific\u00f3 su plan de lucha"},"content":{"rendered":"<p style=\"text-align: center;\"><em><strong>Luego del anuncio de mejora salarial y las declaraciones del Gobernador, AGMER convoc\u00f3 a la huelga y rechaz\u00f3 los dichos del mandatario por \u201cdeslegitimar la lucha docente\u201d<\/strong><\/em><\/p>\n<p>&nbsp;<\/p>\n<p>&nbsp;<\/p>\n<p>Tras el nuevo rechazo que hicieron los gremios docentes a la \u00faltima oferta salarial que hizo la provincia, el gobernador Rogelio Frigerio tom\u00f3 la decisi\u00f3n de restituir por decreto el Fondo de Incentivo Docente y el \u00edtem Conectividad, a los fines de recomponer la p\u00e9rdida que sufrieron los trabajadores en su bolsillo tras la quita del Fonid nacional.<\/p>\n<p>El anuncio fue formulado por el mandatario este martes en una conferencia de prensa realizada en Casa de Gobierno, y de la cual tambi\u00e9n participaron la presidente del Consejo General de Educaci\u00f3n, Alicia Fregonese, y el ministro de Hacienda y Finanzas, Julio Panceri.<\/p>\n<p>&#8220;Estamos dando lo m\u00e1ximo que financieramente la provincia puede dar, no tenemos nada que ocultar\u201d, afirm\u00f3 el Gobernador y dej\u00f3 en claro que si bien se continuar\u00e1 apostando al di\u00e1logo con los gremios, \u201cnuestra prioridad son los alumnos y los docentes, y no podemos permitir que las negociaciones se ti\u00f1an de discusiones ideol\u00f3gicas, ni que las internas gremiales tomen de rehenes a los docentes. Es por eso que vamos a proponer que, a partir de ahora, las negociaciones sean abiertas a los medios. Porque las arcas p\u00fablicas son de todos los entrerrianos y todos tienen derecho a conocer de primera mano qu\u00e9 se discute y c\u00f3mo, sobre los recursos de todos&#8221;.<\/p>\n<p>Tras el anuncio de mejora salarial para el sector docente y las declaraciones del Gobernador, la respuesta de la Comisi\u00f3n Directiva Central de AGMER no se hizo esperar y el sindicato manifest\u00f3 su rechazo a los dichos del mandatario y convoc\u00f3 a los docentes a plegarse a los paros previstos para los pr\u00f3ximos d\u00edas.<\/p>\n<p>\u201cRechazamos las expresiones del gobernador Frigerio quien en una serie de manifestaciones vertidas en conferencia de prensa falt\u00f3 a la verdad sobre las propuestas salariales presentadas, acerca de declaraciones de nuestros dirigentes sumado a una distorsi\u00f3n burda que busca deslegitimar nuestros mecanismos de decisi\u00f3n colectiva\u201d, afirmaron desde AGMER.<\/p>\n<p>Y mencionaron que las asambleas y los mandatos departamentales que se discutieron en el \u00faltimo congreso \u201chan sido muy transparentes y con much\u00edsima claridad\u201d, expresando las necesidades del sector \u201cfrente a las situaciones de indigencia y pobreza que vienen padeciendo los docentes\u201d.<\/p>\n<p>En este sentido, convocaron a la huelga \u201cresuelta soberanamente para este mi\u00e9rcoles y jueves con acciones departamentales y la semana pr\u00f3xima la continuidad del plan de lucha con la Movilizaci\u00f3n Provincial a Casa de Gobierno por salarios dignos\u201d.<\/p>\n<p>&nbsp;<\/p>\n<p><strong>El texto completo del comunicado de AGMER Central<\/strong><\/p>\n<p><em>Desde la Comisi\u00f3n Directiva Central de AGMER rechazamos las expresiones del gobernador Frigerio quien en una serie de manifestaciones vertidas en conferencia de prensa falt\u00f3 a la verdad sobre las propuestas salariales presentadas, acerca de declaraciones de nuestros dirigentes sumado a una distorsi\u00f3n burda que busca deslegitimar nuestros mecanismos de decisi\u00f3n colectiva.<\/em><\/p>\n<p><em>Aunque al gobernador le cueste entender, que nuestro sindicato haya realizado casi tantos congresos como reuniones paritarias, no expresa la obsesi\u00f3n por aplicar un \u201cideologismo\u201d \u2013palabra que repiti\u00f3 en por lo menos 5 oportunidades en su conferencia y que nunca explic\u00f3 en qu\u00e9 consistir\u00eda- sino en la decisi\u00f3n pol\u00edtica de nuestra organizaci\u00f3n de llevar adelante un criterio democr\u00e1tico fundamental de dialogar y consultar las propuestas que reunieran las condiciones m\u00ednimas que defin\u00eda nuestro congreso para que cada escuela y cada asamblea resolutiva resolviera posturas ante los ofrecimientos del gobierno.<\/em><\/p>\n<p><em>Siguiendo esa l\u00f3gica, que consideramos fundamental, es que resulta falso de toda falsedad que nuestro Secretario General haya definido anticipadamente en la prensa una propuesta como \u201cmuy buena\u201d y luego esa misma conducci\u00f3n hubiera decidido consumar la trampa de hacer todo lo contrario. Esto no resiste ning\u00fan an\u00e1lisis y es una burda mentira.<\/em><\/p>\n<p><em>Por otra parte, omite el gobernador que ha habido una actitud sorda del gobierno en insistir con montos en negro a sabiendas no solo que es inconstitucional en la provincia de Entre R\u00edos, que desfinancia la Caja de Jubilaciones y nuestra Obra Social, sino que adem\u00e1s ha sido rechazado de forma contundente en cientos y cientos de asambleas escolares a lo largo y ancho de la Provincia.<\/em><\/p>\n<p><em>Del mismo modo, contrario al propio compromiso que hab\u00eda hecho el gobierno en la instancia judicial, se vuelve a insistir no solo con los extorsivos descuentos por paro por el leg\u00edtimo derecho a huelga, sino que ahora se pretende una Declaraci\u00f3n Jurada como nuevo mecanismo de persecuci\u00f3n. Mientras necesitamos creatividad y voluntad pol\u00edtica para mejorar el salario docente, ponen esa energ\u00eda en descontar en un contexto de vulnerabilidad econ\u00f3mica.<\/em><\/p>\n<p><em>Nuestro sindicato no sujeta ninguna de sus decisiones a una inexistente \u201cinterna gremial\u201d. Las asambleas y los mandatos departamentales han sido muy transparentes y con much\u00edsima claridad han expresado sus necesidades frente a las situaciones de indigencia y pobreza que vienen padeciendo las y los docentes.<\/em><\/p>\n<p><em>Y con esa claridad convocamos a la huelga resuelta soberanamente para este mi\u00e9rcoles y jueves con acciones departamentales y la semana pr\u00f3xima la continuidad del plan de lucha con la Movilizaci\u00f3n Provincial a Casa de Gobierno por salarios dignos. Porque es ineludible, urgente y no admite m\u00e1s dilaciones ni discursos que quieran tapar el sol con las manos.<\/em><\/p>\n","protected":false},"excerpt":{"rendered":"<p>Luego del anuncio de mejora salarial y las declaraciones del Gobernador, AGMER convoc\u00f3 a la huelga y rechaz\u00f3 los dichos del mandatario por \u201cdeslegitimar la lucha docente\u201d &nbsp; &nbsp; Tras el nuevo rechazo que hicieron los gremios docentes a la \u00faltima oferta salarial que hizo la provincia, el gobernador Rogelio Frigerio tom\u00f3 la decisi\u00f3n de restituir por decreto el Fondo de Incentivo Docente y el \u00edtem Conectividad, a los fines de recomponer la p\u00e9rdida que sufrieron los trabajadores en su bolsillo tras la quita del Fonid nacional. El anuncio fue&#8230;<\/p>\n","protected":false},"author":3,"featured_media":57438,"comment_status":"closed","ping_status":"closed","sticky":false,"template":"","format":"standard","meta":[],"categories":[15],"tags":[],"_links":{"self":[{"href":"https:\/\/www.actualidadadiario.com\/index.php\/wp-json\/wp\/v2\/posts\/120615"}],"collection":[{"href":"https:\/\/www.actualidadadiario.com\/index.php\/wp-json\/wp\/v2\/posts"}],"about":[{"href":"https:\/\/www.actualidadadiario.com\/index.php\/wp-json\/wp\/v2\/types\/post"}],"author":[{"embeddable":true,"href":"https:\/\/www.actualidadadiario.com\/index.php\/wp-json\/wp\/v2\/users\/3"}],"replies":[{"embeddable":true,"href":"https:\/\/www.actualidadadiario.com\/index.php\/wp-json\/wp\/v2\/comments?post=120615"}],"version-history":[{"count":1,"href":"https:\/\/www.actualidadadiario.com\/index.php\/wp-json\/wp\/v2\/posts\/120615\/revisions"}],"predecessor-version":[{"id":120616,"href":"https:\/\/www.actualidadadiario.com\/index.php\/wp-json\/wp\/v2\/posts\/120615\/revisions\/120616"}],"wp:featuredmedia":[{"embeddable":true,"href":"https:\/\/www.actualidadadiario.com\/index.php\/wp-json\/wp\/v2\/media\/57438"}],"wp:attachment":[{"href":"https:\/\/www.actualidadadiario.com\/index.php\/wp-json\/wp\/v2\/media?parent=120615"}],"wp:term":[{"taxonomy":"category","embeddable":true,"href":"https:\/\/www.actualidadadiario.com\/index.php\/wp-json\/wp\/v2\/categories?post=120615"},{"taxonomy":"post_tag","embeddable":true,"href":"https:\/\/www.actualidadadiario.com\/index.php\/wp-json\/wp\/v2\/tags?post=120615"}],"curies":[{"name":"wp","href":"https:\/\/api.w.org\/{rel}","templated":true}]}}