{"id":120612,"date":"2024-09-25T10:02:04","date_gmt":"2024-09-25T13:02:04","guid":{"rendered":"https:\/\/www.actualidadadiario.com\/?p=120612"},"modified":"2024-09-25T10:02:04","modified_gmt":"2024-09-25T13:02:04","slug":"kueider-confirmo-su-realineamiento-junto-a-la-libertad-avanza","status":"publish","type":"post","link":"https:\/\/www.actualidadadiario.com\/index.php\/2024\/09\/25\/kueider-confirmo-su-realineamiento-junto-a-la-libertad-avanza\/","title":{"rendered":"Kueider confirm\u00f3 su realineamiento junto a La Libertad Avanza"},"content":{"rendered":"<p style=\"text-align: center;\"><em><strong>El senador nacional Edgardo Kueider pasar\u00e1 a integrar un interbloque paraoficialista junto a otros 5 legisladores nacionales. El espacio se llamar\u00e1 \u201cProvincias Unidas\u201d y buscar\u00e1n ampliarlo con otras bancadas provinciales y con radicales escindidos<\/strong><\/em><\/p>\n<p>&nbsp;<\/p>\n<p>&nbsp;<\/p>\n<p>En el nuevo interbloque estar\u00e1n adem\u00e1s el correntino Carlos Esp\u00ednola, Alejandra Vigo (C\u00f3rdoba) de Unidad Federal; Juan Carlos Romero (Salta) de Cambio Federal, Edith Terenzi de Despierta Chubut y Lucila Crexell del Movimiento Neuquino. La presidencia del interbloque qued\u00f3 a cargo del correntino Esp\u00ednola.<\/p>\n<p>La intenci\u00f3n del nuevo bloque es acompa\u00f1ar la gesti\u00f3n de Javier Milei, por lo que actuar\u00eda en t\u00e1ndem con los 6 senadores que conforman La Libertad Avanza. En el mejor escenario, el oficialismo podr\u00eda tener el acompa\u00f1amiento de alrededor de 17 legisladores que, sumados a los 6 del PRO que suelen acompa\u00f1ar a La Libertad Avanza, le dar\u00eda la posibilidad de tener 23 votos contra los 33 de que hoy detenta Uni\u00f3n por la Patria, seg\u00fan public\u00f3 Infobae.<\/p>\n","protected":false},"excerpt":{"rendered":"<p>El senador nacional Edgardo Kueider pasar\u00e1 a integrar un interbloque paraoficialista junto a otros 5 legisladores nacionales. El espacio se llamar\u00e1 \u201cProvincias Unidas\u201d y buscar\u00e1n ampliarlo con otras bancadas provinciales y con radicales escindidos &nbsp; &nbsp; En el nuevo interbloque estar\u00e1n adem\u00e1s el correntino Carlos Esp\u00ednola, Alejandra Vigo (C\u00f3rdoba) de Unidad Federal; Juan Carlos Romero (Salta) de Cambio Federal, Edith Terenzi de Despierta Chubut y Lucila Crexell del Movimiento Neuquino. La presidencia del interbloque qued\u00f3 a cargo del correntino Esp\u00ednola. La intenci\u00f3n del nuevo bloque es acompa\u00f1ar la gesti\u00f3n de&#8230;<\/p>\n","protected":false},"author":3,"featured_media":120613,"comment_status":"closed","ping_status":"closed","sticky":false,"template":"","format":"standard","meta":[],"categories":[15],"tags":[],"_links":{"self":[{"href":"https:\/\/www.actualidadadiario.com\/index.php\/wp-json\/wp\/v2\/posts\/120612"}],"collection":[{"href":"https:\/\/www.actualidadadiario.com\/index.php\/wp-json\/wp\/v2\/posts"}],"about":[{"href":"https:\/\/www.actualidadadiario.com\/index.php\/wp-json\/wp\/v2\/types\/post"}],"author":[{"embeddable":true,"href":"https:\/\/www.actualidadadiario.com\/index.php\/wp-json\/wp\/v2\/users\/3"}],"replies":[{"embeddable":true,"href":"https:\/\/www.actualidadadiario.com\/index.php\/wp-json\/wp\/v2\/comments?post=120612"}],"version-history":[{"count":1,"href":"https:\/\/www.actualidadadiario.com\/index.php\/wp-json\/wp\/v2\/posts\/120612\/revisions"}],"predecessor-version":[{"id":120614,"href":"https:\/\/www.actualidadadiario.com\/index.php\/wp-json\/wp\/v2\/posts\/120612\/revisions\/120614"}],"wp:featuredmedia":[{"embeddable":true,"href":"https:\/\/www.actualidadadiario.com\/index.php\/wp-json\/wp\/v2\/media\/120613"}],"wp:attachment":[{"href":"https:\/\/www.actualidadadiario.com\/index.php\/wp-json\/wp\/v2\/media?parent=120612"}],"wp:term":[{"taxonomy":"category","embeddable":true,"href":"https:\/\/www.actualidadadiario.com\/index.php\/wp-json\/wp\/v2\/categories?post=120612"},{"taxonomy":"post_tag","embeddable":true,"href":"https:\/\/www.actualidadadiario.com\/index.php\/wp-json\/wp\/v2\/tags?post=120612"}],"curies":[{"name":"wp","href":"https:\/\/api.w.org\/{rel}","templated":true}]}}