{"id":120606,"date":"2024-09-25T09:58:21","date_gmt":"2024-09-25T12:58:21","guid":{"rendered":"https:\/\/www.actualidadadiario.com\/?p=120606"},"modified":"2024-09-25T09:58:21","modified_gmt":"2024-09-25T12:58:21","slug":"panorama-desolador-para-la-citricultura-por-el-granizo-cuyo-tamano-fue-historico","status":"publish","type":"post","link":"https:\/\/www.actualidadadiario.com\/index.php\/2024\/09\/25\/panorama-desolador-para-la-citricultura-por-el-granizo-cuyo-tamano-fue-historico\/","title":{"rendered":"Panorama \u201cdesolador\u201d para la citricultura por el granizo, cuyo tama\u00f1o \u201cfue hist\u00f3rico\u201d"},"content":{"rendered":"<p style=\"text-align: center;\"><em><strong>Hubo mucha p\u00e9rdida en fruta y tambi\u00e9n qued\u00f3 muy castigada la planta, por lo que existe peligro de que este fen\u00f3meno tambi\u00e9n afecte a la campa\u00f1a 2025 en algunas zonas de Entre R\u00edos. En sectores cay\u00f3 granizo cuatro veces en el d\u00eda<\/strong><\/em><\/p>\n<p>&nbsp;<\/p>\n<p>&nbsp;<\/p>\n<p>Si bien a\u00fan es muy pronto para hacer un relevamiento sobre los da\u00f1os producidos por el granizo en el norte entrerriano, en lo atinente a la actividad de la citricultura la preocupaci\u00f3n se apoder\u00f3 de los productores cuando comenzaron a recorrer sus quintas este martes, tras la ca\u00edda del granizo y en varias oportunidades.<\/p>\n<p>El fen\u00f3meno meteorol\u00f3gico alcanz\u00f3, con distintos eventos, a diferentes sectores rurales y urbanos.<\/p>\n<p>&nbsp;<\/p>\n<p><strong>\u201cD\u00eda triste\u201d y \u201cpanorama desolador\u201d<\/strong><\/p>\n<p>\u201cD\u00eda triste\u201d dijo el productor y tambi\u00e9n referente de la Asociaci\u00f3n de Citricultores de Chajar\u00ed, William Borgo, al ser consultado sobre las secuelas del granizo.<\/p>\n<p>En la oportunidad, comparti\u00f3 im\u00e1genes de los efectos en las plantaciones de San Roque y Colonia Ayman, en el Departamento Federaci\u00f3n.<\/p>\n<p>Por su parte, otro dirigente del sector, Pablo Molo, manifest\u00f3 que es muy pronto para un diagn\u00f3stico, pero \u201cel panorama es desolador\u201d, dispar\u00f3.<\/p>\n<p>&nbsp;<\/p>\n<p><strong>\u201cEn tama\u00f1o es hist\u00f3rico\u201d<\/strong><\/p>\n<p>Dos mangas importantes de granizo afectaron particularmente a las colonias San Roque y Ayman. \u201cEn tama\u00f1o es hist\u00f3rico. No existi\u00f3 nunca tama\u00f1o tan grande como (el granizo) ca\u00eddo hoy a las 4 y a las 9\u201d, coment\u00f3 el presidente de la Asociaci\u00f3n de Citricultores de Villa del Rosario, Marcos Dalmazo.<\/p>\n<p>\u201cCon mucha p\u00e9rdida en fruta y muy castigada la planta, con peligro que afecte a la campa\u00f1a 2025 tambi\u00e9n\u201d, apunt\u00f3 sobre las consecuencias del fen\u00f3meno que tambi\u00e9n caus\u00f3 estragos en la provincia de C\u00f3rdoba y en el norte de Santa Fe.<\/p>\n<p>En Villa del Rosario, no en esa magnitud, el granizo afect\u00f3 a la zona de Santa Eloisa. Graniz\u00f3 \u201ccuatro veces en el d\u00eda, a las 4, a las 9, a las 13 y a las 16 horas. Las dos primeras en m\u00e1s cantidad y buen tama\u00f1o, similares a huevos de paloma y gallina. M\u00e1s chicas que en San Roque, donde creo que bande\u00f3 el tama\u00f1o de una pelota de tenis\u201d, grafic\u00f3.<\/p>\n<p>&nbsp;<\/p>\n<p><strong>Da\u00f1os<\/strong><\/p>\n<p>De acuerdo al tama\u00f1o y a la violencia con que se precipit\u00f3 el granizo, son los da\u00f1os que se aprecian.<\/p>\n<p>En el caso de Villa del Rosario, los da\u00f1os importantes \u201cno se ven todav\u00eda, porque cuando es granizo chico golpea, machuca la fruta, pero no la rompe. En unos d\u00edas empieza a caer y no termina sirviendo para comercializar que es para lo que nosotros producimos. El tema industria hay que ver si la reciben, porque es una fruta que en esas condiciones se descompone f\u00e1cilmente\u201d, explic\u00f3 Dalmazo.<\/p>\n<p>No obstante, aclar\u00f3 que en San Roque y Colonia Ayman, \u201cal productor lo liquid\u00f3\u201d ya que en esas plantaciones la fruta fue muy golpeada.<\/p>\n<p>\u201cHoy nos agarra con toda la campa\u00f1a arriba\u201d, apunt\u00f3 el dirigente citr\u00edcola, repasando lo que implic\u00f3 arrancar \u201ccon un a\u00f1o seco, marzo y abril con mucha lluvia, no se pod\u00eda cosechar\u201d.<\/p>\n<p>Pasado mayo empezamos con un retroceso en los mercados, no hab\u00eda venta, no se consum\u00eda y qued\u00f3 la fruta en la planta. La \u00fanica esperanza que ten\u00edamos era en las \u00faltimas variedades del a\u00f1o y nos encontramos con esta cat\u00e1strofe que al productor, lo que es en San Roque y Ayman, lo liquid\u00f3\u201d, concluy\u00f3.<\/p>\n","protected":false},"excerpt":{"rendered":"<p>Hubo mucha p\u00e9rdida en fruta y tambi\u00e9n qued\u00f3 muy castigada la planta, por lo que existe peligro de que este fen\u00f3meno tambi\u00e9n afecte a la campa\u00f1a 2025 en algunas zonas de Entre R\u00edos. En sectores cay\u00f3 granizo cuatro veces en el d\u00eda &nbsp; &nbsp; Si bien a\u00fan es muy pronto para hacer un relevamiento sobre los da\u00f1os producidos por el granizo en el norte entrerriano, en lo atinente a la actividad de la citricultura la preocupaci\u00f3n se apoder\u00f3 de los productores cuando comenzaron a recorrer sus quintas este martes, tras&#8230;<\/p>\n","protected":false},"author":3,"featured_media":120607,"comment_status":"closed","ping_status":"closed","sticky":false,"template":"","format":"standard","meta":[],"categories":[9],"tags":[],"_links":{"self":[{"href":"https:\/\/www.actualidadadiario.com\/index.php\/wp-json\/wp\/v2\/posts\/120606"}],"collection":[{"href":"https:\/\/www.actualidadadiario.com\/index.php\/wp-json\/wp\/v2\/posts"}],"about":[{"href":"https:\/\/www.actualidadadiario.com\/index.php\/wp-json\/wp\/v2\/types\/post"}],"author":[{"embeddable":true,"href":"https:\/\/www.actualidadadiario.com\/index.php\/wp-json\/wp\/v2\/users\/3"}],"replies":[{"embeddable":true,"href":"https:\/\/www.actualidadadiario.com\/index.php\/wp-json\/wp\/v2\/comments?post=120606"}],"version-history":[{"count":1,"href":"https:\/\/www.actualidadadiario.com\/index.php\/wp-json\/wp\/v2\/posts\/120606\/revisions"}],"predecessor-version":[{"id":120608,"href":"https:\/\/www.actualidadadiario.com\/index.php\/wp-json\/wp\/v2\/posts\/120606\/revisions\/120608"}],"wp:featuredmedia":[{"embeddable":true,"href":"https:\/\/www.actualidadadiario.com\/index.php\/wp-json\/wp\/v2\/media\/120607"}],"wp:attachment":[{"href":"https:\/\/www.actualidadadiario.com\/index.php\/wp-json\/wp\/v2\/media?parent=120606"}],"wp:term":[{"taxonomy":"category","embeddable":true,"href":"https:\/\/www.actualidadadiario.com\/index.php\/wp-json\/wp\/v2\/categories?post=120606"},{"taxonomy":"post_tag","embeddable":true,"href":"https:\/\/www.actualidadadiario.com\/index.php\/wp-json\/wp\/v2\/tags?post=120606"}],"curies":[{"name":"wp","href":"https:\/\/api.w.org\/{rel}","templated":true}]}}