{"id":120603,"date":"2024-09-24T14:48:17","date_gmt":"2024-09-24T17:48:17","guid":{"rendered":"https:\/\/www.actualidadadiario.com\/?p=120603"},"modified":"2024-09-24T14:48:17","modified_gmt":"2024-09-24T17:48:17","slug":"biden-pidio-terminar-con-las-guerras-en-su-despedida-de-la-onu","status":"publish","type":"post","link":"https:\/\/www.actualidadadiario.com\/index.php\/2024\/09\/24\/biden-pidio-terminar-con-las-guerras-en-su-despedida-de-la-onu\/","title":{"rendered":"Biden pidi\u00f3 terminar con las guerras en su despedida de la ONU"},"content":{"rendered":"<p style=\"text-align: center;\"><em><strong>El presidente de Estados Unidos dio su \u00faltimo discurso y dijo por qu\u00e9 no se present\u00f3 a la reelecci\u00f3n<\/strong><\/em><\/p>\n<p>&nbsp;<\/p>\n<p>&nbsp;<\/p>\n<p>El presidente de Estados Unidos, Joe Biden, enfatiz\u00f3 en su deseo y la necesidad de terminar con las guerras en Ucrania, Gaza y Sud\u00e1n en el que fue su \u00faltimo discurso ante la Asamblea General de las Naciones Unidas (ONU) a la vez que explic\u00f3 por qu\u00e9 tom\u00f3 la decisi\u00f3n de no presentarse a la reelecci\u00f3n.<\/p>\n<p>&#8220;Es hora de que las nuevas generaciones impulsen a mi pa\u00eds. Hay cosas m\u00e1s importantes que permanecer en el poder, los pueblos son m\u00e1s importantes. Nunca olvid\u00e9is que estamos aqu\u00ed para servir a nuestra gente&#8221;, expres\u00f3.<\/p>\n<p>Adem\u00e1s, se\u00f1al\u00f3: &#8220;Reconozco los desaf\u00edos en Ucrania, Gaza, Sud\u00e1n y m\u00e1s all\u00e1; hambre, pobreza, democracia en riesgo, los desaf\u00edos de la IA, pero tengo esperanza, s\u00e9 que hay un camino por delante&#8221;.<\/p>\n<p>&#8220;La buena noticia es que la guerra de Putin no logr\u00f3 su objetivo principal. Pretend\u00eda destruir Ucrania, pero Ucrania sigue siendo libre. Pretend\u00eda debilitar a la OTAN, pero la OTAN es m\u00e1s grande, m\u00e1s fuerte y est\u00e1 m\u00e1s unida que nunca&#8221;, declar\u00f3.<\/p>\n<p>El presidente de Estados Unidos inst\u00f3 adem\u00e1s a Israel y Ham\u00e1s a llegar a un acuerdo para lograr un alto el fuego en la Franja de Gaza y la liberaci\u00f3n de los rehenes israel\u00edes a cambio de prisioneros palestinos, adem\u00e1s de facilitar la entrada de ayuda humanitaria.<\/p>\n<p>&#8220;Ahora es el momento para que las partes finalicen los t\u00e9rminos, devuelvan a los rehenes y aseguren la seguridad de Israel y Gaza, alivien el sufrimiento en Gaza y pongan fin a esta guerra&#8221;, asever\u00f3.<\/p>\n","protected":false},"excerpt":{"rendered":"<p>El presidente de Estados Unidos dio su \u00faltimo discurso y dijo por qu\u00e9 no se present\u00f3 a la reelecci\u00f3n &nbsp; &nbsp; El presidente de Estados Unidos, Joe Biden, enfatiz\u00f3 en su deseo y la necesidad de terminar con las guerras en Ucrania, Gaza y Sud\u00e1n en el que fue su \u00faltimo discurso ante la Asamblea General de las Naciones Unidas (ONU) a la vez que explic\u00f3 por qu\u00e9 tom\u00f3 la decisi\u00f3n de no presentarse a la reelecci\u00f3n. &#8220;Es hora de que las nuevas generaciones impulsen a mi pa\u00eds. Hay cosas&#8230;<\/p>\n","protected":false},"author":3,"featured_media":120604,"comment_status":"closed","ping_status":"closed","sticky":false,"template":"","format":"standard","meta":[],"categories":[4],"tags":[],"_links":{"self":[{"href":"https:\/\/www.actualidadadiario.com\/index.php\/wp-json\/wp\/v2\/posts\/120603"}],"collection":[{"href":"https:\/\/www.actualidadadiario.com\/index.php\/wp-json\/wp\/v2\/posts"}],"about":[{"href":"https:\/\/www.actualidadadiario.com\/index.php\/wp-json\/wp\/v2\/types\/post"}],"author":[{"embeddable":true,"href":"https:\/\/www.actualidadadiario.com\/index.php\/wp-json\/wp\/v2\/users\/3"}],"replies":[{"embeddable":true,"href":"https:\/\/www.actualidadadiario.com\/index.php\/wp-json\/wp\/v2\/comments?post=120603"}],"version-history":[{"count":1,"href":"https:\/\/www.actualidadadiario.com\/index.php\/wp-json\/wp\/v2\/posts\/120603\/revisions"}],"predecessor-version":[{"id":120605,"href":"https:\/\/www.actualidadadiario.com\/index.php\/wp-json\/wp\/v2\/posts\/120603\/revisions\/120605"}],"wp:featuredmedia":[{"embeddable":true,"href":"https:\/\/www.actualidadadiario.com\/index.php\/wp-json\/wp\/v2\/media\/120604"}],"wp:attachment":[{"href":"https:\/\/www.actualidadadiario.com\/index.php\/wp-json\/wp\/v2\/media?parent=120603"}],"wp:term":[{"taxonomy":"category","embeddable":true,"href":"https:\/\/www.actualidadadiario.com\/index.php\/wp-json\/wp\/v2\/categories?post=120603"},{"taxonomy":"post_tag","embeddable":true,"href":"https:\/\/www.actualidadadiario.com\/index.php\/wp-json\/wp\/v2\/tags?post=120603"}],"curies":[{"name":"wp","href":"https:\/\/api.w.org\/{rel}","templated":true}]}}