{"id":120600,"date":"2024-09-24T14:47:04","date_gmt":"2024-09-24T17:47:04","guid":{"rendered":"https:\/\/www.actualidadadiario.com\/?p=120600"},"modified":"2024-09-24T14:47:04","modified_gmt":"2024-09-24T17:47:04","slug":"lula-saluda-a-la-delegacion-palestina-en-la-onu-y-critica-la-venganza-de-israel","status":"publish","type":"post","link":"https:\/\/www.actualidadadiario.com\/index.php\/2024\/09\/24\/lula-saluda-a-la-delegacion-palestina-en-la-onu-y-critica-la-venganza-de-israel\/","title":{"rendered":"Lula saluda a la delegaci\u00f3n palestina en la ONU y critica la \u201cvenganza\u201d de Israel"},"content":{"rendered":"<p style=\"text-align: center;\"><em><strong>El presidente de Brasil, Luiz In\u00e1cio Lula da Silva, salud\u00f3 este martes a la delegaci\u00f3n palestina por su primera participaci\u00f3n en la Asamblea General de la ONU, y recibi\u00f3 una ovaci\u00f3n del plenario<\/strong><\/em><\/p>\n<p>&nbsp;<\/p>\n<p>&nbsp;<\/p>\n<p>&nbsp;<\/p>\n<p>El l\u00edder brasile\u00f1o, que es el primero en hablar en la Asamblea General por una tradici\u00f3n en la ONU, dedic\u00f3 sus primeras palabras en el p\u00falpito a Palestina y despu\u00e9s critic\u00f3 duramente la ofensiva israel\u00ed, que, seg\u00fan subray\u00f3, se ha convertido en una \u201cvenganza\u201d que ha causado m\u00e1s de 40.000 v\u00edctimas mortales.<\/p>\n<p>\u201cEn Gaza y Cisjordania asistimos a una de las mayores crisis humanitarias de la historia reciente, que ahora se extiende peligrosamente al L\u00edbano. Lo que comenz\u00f3 como una acci\u00f3n terrorista de fan\u00e1ticos contra civiles israel\u00edes inocentes se ha convertido en el castigo colectivo de todo el pueblo palestino\u201d, afirm\u00f3 Lula.<\/p>\n<p>&nbsp;<\/p>\n<p><strong>Lula: \u201cEl derecho de defensa se volvi\u00f3 derecho de venganza\u201d<\/strong><\/p>\n<p>El gobernante recalc\u00f3 que \u201cel derecho de defensa\u201d que ten\u00eda Israel ante los ataques de Ham\u00e1s del 7 de octubre pasado \u201cse volvi\u00f3 en derecho de venganza\u201d.<\/p>\n<p>As\u00ed como ha condenado el terrorismo de Ham\u00e1s, Lula critic\u00f3 con dureza con la respuesta de Israel a los atentados de octubre del a\u00f1o pasado y la escalada del conflicto, que ahora se expande hacia el L\u00edbano, contra el grupo chi\u00ed Hizbul\u00e1.<\/p>\n<p>El fuego cruzado se ha acentuado en los \u00faltimos d\u00edas, despu\u00e9s de que Israel inici\u00f3 una campa\u00f1a de bombardeos contra el sur y el este de L\u00edbano, en los que han muerto ya m\u00e1s de 500 personas y 1.800 han resultado heridas, seg\u00fan las autoridades libanesas.<\/p>\n<p>Por sus airadas cr\u00edticas a la ofensiva israel\u00ed sobre Gaza, Lula ha sido declarado \u201cpersona non grata\u201d por el Gobierno de Benjam\u00edn Netanyahu, a lo que respondi\u00f3 retirando al embajador de Brasil en Israel y reduciendo a m\u00ednimos las relaciones con ese pa\u00eds.<\/p>\n<p>&nbsp;<\/p>\n<p><strong>Una nueva d\u00e9cada perdida para Am\u00e9rica Latina<\/strong><\/p>\n<p>Lula da Silva afirm\u00f3 tambi\u00e9n que Am\u00e9rica Latina atraviesa una \u201cnueva d\u00e9cada perdida\u201d y que la desesperanza no debe llevar a la regi\u00f3n a \u201crecurrir a falsos patriotas\u201d o \u201cultraliberales\u201d.<\/p>\n<p>El mandatario brasile\u00f1o subray\u00f3 que el crecimiento medio en la regi\u00f3n durante los \u00faltimos diez a\u00f1os fue \u201capenas del 0,9 %\u201d y afirm\u00f3 que eso supone \u201cla mitad de lo que se verific\u00f3 en la d\u00e9cada perdida de 1980\u201d, lo cual sostuvo que tiene \u201cefectos nefastos en el paisaje pol\u00edtico\u201d.<\/p>\n<p>Aunque no lo dijo claramente, pareci\u00f3 aludir al crecimiento de la extrema derecha, que ha cobrado fuerza en varios pa\u00edses de una Am\u00e9rica Latina en la que, seg\u00fan afirm\u00f3, \u201cla vocaci\u00f3n de cooperaci\u00f3n y entendimiento se debilita\u201d.<\/p>\n<p>En opini\u00f3n de Lula, \u201cen un mundo globalizado no se debe recurrir a falsos patriotas\u201d, pero \u201ctampoco a la esperanza\u201d que ofrecen \u201cunos ultraliberales que agravan las dificultades\u201d de la regi\u00f3n.<\/p>\n","protected":false},"excerpt":{"rendered":"<p>El presidente de Brasil, Luiz In\u00e1cio Lula da Silva, salud\u00f3 este martes a la delegaci\u00f3n palestina por su primera participaci\u00f3n en la Asamblea General de la ONU, y recibi\u00f3 una ovaci\u00f3n del plenario &nbsp; &nbsp; &nbsp; El l\u00edder brasile\u00f1o, que es el primero en hablar en la Asamblea General por una tradici\u00f3n en la ONU, dedic\u00f3 sus primeras palabras en el p\u00falpito a Palestina y despu\u00e9s critic\u00f3 duramente la ofensiva israel\u00ed, que, seg\u00fan subray\u00f3, se ha convertido en una \u201cvenganza\u201d que ha causado m\u00e1s de 40.000 v\u00edctimas mortales. \u201cEn Gaza&#8230;<\/p>\n","protected":false},"author":3,"featured_media":120601,"comment_status":"closed","ping_status":"closed","sticky":false,"template":"","format":"standard","meta":[],"categories":[4],"tags":[],"_links":{"self":[{"href":"https:\/\/www.actualidadadiario.com\/index.php\/wp-json\/wp\/v2\/posts\/120600"}],"collection":[{"href":"https:\/\/www.actualidadadiario.com\/index.php\/wp-json\/wp\/v2\/posts"}],"about":[{"href":"https:\/\/www.actualidadadiario.com\/index.php\/wp-json\/wp\/v2\/types\/post"}],"author":[{"embeddable":true,"href":"https:\/\/www.actualidadadiario.com\/index.php\/wp-json\/wp\/v2\/users\/3"}],"replies":[{"embeddable":true,"href":"https:\/\/www.actualidadadiario.com\/index.php\/wp-json\/wp\/v2\/comments?post=120600"}],"version-history":[{"count":1,"href":"https:\/\/www.actualidadadiario.com\/index.php\/wp-json\/wp\/v2\/posts\/120600\/revisions"}],"predecessor-version":[{"id":120602,"href":"https:\/\/www.actualidadadiario.com\/index.php\/wp-json\/wp\/v2\/posts\/120600\/revisions\/120602"}],"wp:featuredmedia":[{"embeddable":true,"href":"https:\/\/www.actualidadadiario.com\/index.php\/wp-json\/wp\/v2\/media\/120601"}],"wp:attachment":[{"href":"https:\/\/www.actualidadadiario.com\/index.php\/wp-json\/wp\/v2\/media?parent=120600"}],"wp:term":[{"taxonomy":"category","embeddable":true,"href":"https:\/\/www.actualidadadiario.com\/index.php\/wp-json\/wp\/v2\/categories?post=120600"},{"taxonomy":"post_tag","embeddable":true,"href":"https:\/\/www.actualidadadiario.com\/index.php\/wp-json\/wp\/v2\/tags?post=120600"}],"curies":[{"name":"wp","href":"https:\/\/api.w.org\/{rel}","templated":true}]}}