{"id":12060,"date":"2017-05-24T09:19:49","date_gmt":"2017-05-24T12:19:49","guid":{"rendered":"http:\/\/actualidadadiario.com\/site\/?p=12060"},"modified":"2017-05-24T09:19:49","modified_gmt":"2017-05-24T12:19:49","slug":"violencia-de-genero-gils-carbo-se-presentara-el-9-de-junio","status":"publish","type":"post","link":"https:\/\/www.actualidadadiario.com\/index.php\/2017\/05\/24\/violencia-de-genero-gils-carbo-se-presentara-el-9-de-junio\/","title":{"rendered":"Violencia de g\u00e9nero: Gils Carb\u00f3 se presentar\u00e1 el 9 de junio"},"content":{"rendered":"<p><em><strong>Es la actual Procuradora General de la Naci\u00f3n y llega a Concepci\u00f3n del Uruguay para instalar el primer nodo fuera de Buenos Aires de la Red Territorial en G\u00e9nero<\/strong><\/em><\/p>\n<p>&nbsp;<\/p>\n<p>&nbsp;<\/p>\n<p>&nbsp;<\/p>\n<p>Es un programa impulsado por la Procuraci\u00f3n General de la Naci\u00f3n que promueve la formaci\u00f3n de formadoras territoriales de g\u00e9nero.<\/p>\n<p>&nbsp;<\/p>\n<p>La presentaci\u00f3n, a instancias de la Fundaci\u00f3n &#8220;Micaela Garc\u00eda, La Negra&#8221; ser\u00e1 el viernes 9 de junio en el Auditorio Municipal Carlos Mar\u00eda Scelzi, esper\u00e1ndose la presencia de Alejandra Gils Carb\u00f3.<\/p>\n<p>&nbsp;<\/p>\n<p>La actividad se dividir\u00e1 en dos: de 14:30 a 17 ser\u00e1 una convocatoria masiva donde se explicar\u00e1 el programa y de 17:30 a 20 ser\u00e1 para unas 30 o 35 personas, que ser\u00e1n capacitadas para ser formadoras en g\u00e9nero.<\/p>\n<p>&nbsp;<\/p>\n<p>Los interesados en participar de la capacitaci\u00f3n, pueden comunicarse al tel\u00e9fono 03442 15648744 o al correo electr\u00f3nico: fundacionmicaelagarcia@gmail.com<\/p>\n","protected":false},"excerpt":{"rendered":"<p>Es la actual Procuradora General de la Naci\u00f3n y llega a Concepci\u00f3n del Uruguay para instalar el primer nodo fuera de Buenos Aires de la Red Territorial en G\u00e9nero &nbsp; &nbsp; &nbsp; Es un programa impulsado por la Procuraci\u00f3n General de la Naci\u00f3n que promueve la formaci\u00f3n de formadoras territoriales de g\u00e9nero. &nbsp; La presentaci\u00f3n, a instancias de la Fundaci\u00f3n &#8220;Micaela Garc\u00eda, La Negra&#8221; ser\u00e1 el viernes 9 de junio en el Auditorio Municipal Carlos Mar\u00eda Scelzi, esper\u00e1ndose la presencia de Alejandra Gils Carb\u00f3. &nbsp; La actividad se dividir\u00e1 en&#8230;<\/p>\n","protected":false},"author":3,"featured_media":12061,"comment_status":"closed","ping_status":"closed","sticky":false,"template":"","format":"standard","meta":[],"categories":[15],"tags":[],"_links":{"self":[{"href":"https:\/\/www.actualidadadiario.com\/index.php\/wp-json\/wp\/v2\/posts\/12060"}],"collection":[{"href":"https:\/\/www.actualidadadiario.com\/index.php\/wp-json\/wp\/v2\/posts"}],"about":[{"href":"https:\/\/www.actualidadadiario.com\/index.php\/wp-json\/wp\/v2\/types\/post"}],"author":[{"embeddable":true,"href":"https:\/\/www.actualidadadiario.com\/index.php\/wp-json\/wp\/v2\/users\/3"}],"replies":[{"embeddable":true,"href":"https:\/\/www.actualidadadiario.com\/index.php\/wp-json\/wp\/v2\/comments?post=12060"}],"version-history":[{"count":1,"href":"https:\/\/www.actualidadadiario.com\/index.php\/wp-json\/wp\/v2\/posts\/12060\/revisions"}],"predecessor-version":[{"id":12062,"href":"https:\/\/www.actualidadadiario.com\/index.php\/wp-json\/wp\/v2\/posts\/12060\/revisions\/12062"}],"wp:featuredmedia":[{"embeddable":true,"href":"https:\/\/www.actualidadadiario.com\/index.php\/wp-json\/wp\/v2\/media\/12061"}],"wp:attachment":[{"href":"https:\/\/www.actualidadadiario.com\/index.php\/wp-json\/wp\/v2\/media?parent=12060"}],"wp:term":[{"taxonomy":"category","embeddable":true,"href":"https:\/\/www.actualidadadiario.com\/index.php\/wp-json\/wp\/v2\/categories?post=12060"},{"taxonomy":"post_tag","embeddable":true,"href":"https:\/\/www.actualidadadiario.com\/index.php\/wp-json\/wp\/v2\/tags?post=12060"}],"curies":[{"name":"wp","href":"https:\/\/api.w.org\/{rel}","templated":true}]}}