{"id":120598,"date":"2024-09-24T14:45:59","date_gmt":"2024-09-24T17:45:59","guid":{"rendered":"https:\/\/www.actualidadadiario.com\/?p=120598"},"modified":"2024-09-24T14:45:59","modified_gmt":"2024-09-24T17:45:59","slug":"al-borde-del-abismo-la-onu-condeno-los-ataques-de-israel-mientras-crece-la-tension","status":"publish","type":"post","link":"https:\/\/www.actualidadadiario.com\/index.php\/2024\/09\/24\/al-borde-del-abismo-la-onu-condeno-los-ataques-de-israel-mientras-crece-la-tension\/","title":{"rendered":"&#8220;Al borde del abismo&#8221;: la ONU conden\u00f3 los ataques de Israel mientras crece la tensi\u00f3n"},"content":{"rendered":"<p style=\"text-align: center;\"><em><strong>Ant\u00f3nio Guterres expres\u00f3 su rechazo a las maniobras que lleva adelante el ej\u00e9rcito israel\u00ed en la regi\u00f3n. Hoy habla el presidente Javier Milei en la Asamblea General<\/strong><\/em><\/p>\n<p>&nbsp;<\/p>\n<p>&nbsp;<\/p>\n<p>El secretario general de la ONU Ant\u00f3nio Guterres conden\u00f3 los ataques de Israel sobre el L\u00edbano, que este martes volvieron a causar m\u00e1s v\u00edctimas con seis muertos en un bombardeo en el sur de Beirut. A la espera del discurso del presidente Javier Milei, la tensi\u00f3n en Medio Oriente domina la agenda en la Asamblea General de naciones que se desarrolla por estos d\u00edas en Nueva York.<\/p>\n<p>En su discurso, Guterres advirti\u00f3 que el L\u00edbano est\u00e1 al &#8220;borde del abismo&#8221;, situaci\u00f3n que parece empeorar con el paso de las horas por las incursiones israel\u00edes.<\/p>\n<p>Por otra parte, el jefe de la ONU expres\u00f3 que la situaci\u00f3n en la Franja de Gaza &#8220;es una pesadilla permanente&#8221; que amenaza toda la regi\u00f3n y reclam\u00f3 un &#8220;alto el fuego inmediato&#8221;.<\/p>\n<p>&#8220;Gaza es una pesadilla permanente que amenaza con arrastrar a toda la regi\u00f3n en el caos, empezando por L\u00edbano&#8221;, dijo Guterres ante los mandatarios y representantes de los 193 pa\u00edses de la ONU, antes de pedir a la comunidad internacional que se &#8220;movilice para un alto el fuego inmediato y la liberaci\u00f3n incondicional de todos los rehenes&#8221; israel\u00edes en manos de Ham\u00e1s.<\/p>\n<p>&nbsp;<\/p>\n<p><strong>Decenas de miles de personas huyeron de los bombardeos en L\u00edbano, seg\u00fan la ONU<\/strong><\/p>\n<p>La ONU se mostr\u00f3 este martes &#8220;sumamente alarmada&#8221; por &#8220;la violenta escalada de hostilidades entre Israel y Hezbollah&#8221; en L\u00edbano, donde &#8220;decenas de miles&#8221; de personas huyeron de la violencia en este comienzo de semana.<\/p>\n<p>&#8220;Estamos sumamente preocupados por la grave escalada de ataques de la que fuimos testigos ayer [lunes]. Decenas de miles de personas se vieron obligadas a abandonar sus casas ayer y esta noche, y el n\u00famero no deja de aumentar&#8221;, declar\u00f3 un portavoz de la Agencia de la ONU para los Refugiados (ACNUR), Matthew Saltmarsh, en una rueda de prensa en Ginebra.<\/p>\n<p>&#8220;Se trata de una regi\u00f3n que ya fue devastada por la guerra y un pa\u00eds que conoce demasiado bien el sufrimiento&#8221;, a\u00f1adi\u00f3.<\/p>\n<p>&nbsp;<\/p>\n<p><strong>Israel bombarde\u00f3 durante la madrugada del martes objetivos del movimiento islamista<\/strong> proiran\u00ed Hezbollah en L\u00edbano, al d\u00eda siguiente de intensos bombardeos que dejaron cerca de 500 muertos, y avivan los temores a un gran conflicto regional casi un a\u00f1o despu\u00e9s del inicio de la guerra en la Franja de Gaza entre Israel y Hamas.<\/p>\n<p>&#8220;El precio pagado por los civiles es inaceptable y la protecci\u00f3n de los civiles y de las infraestructuras civiles en L\u00edbano es primordial. El derecho humanitario internacional debe ser respetado. Es urgente poner fin a las hostilidades&#8221;, afirm\u00f3 el portavoz de ACNUR.<\/p>\n<p>&#8220;Estamos sumamente alarmados por la violenta escalada de las hostilidades entre Israel y Hezbollah y exhortamos a todas las partes a cesar inmediatamente la violencia y a garantizar la protecci\u00f3n de los civiles&#8221;, declar\u00f3 por su parte una portavoz del Alto Comisionado de la ONU para los Derechos Humanos, Ravina Shamdasani.<\/p>\n","protected":false},"excerpt":{"rendered":"<p>Ant\u00f3nio Guterres expres\u00f3 su rechazo a las maniobras que lleva adelante el ej\u00e9rcito israel\u00ed en la regi\u00f3n. Hoy habla el presidente Javier Milei en la Asamblea General &nbsp; &nbsp; El secretario general de la ONU Ant\u00f3nio Guterres conden\u00f3 los ataques de Israel sobre el L\u00edbano, que este martes volvieron a causar m\u00e1s v\u00edctimas con seis muertos en un bombardeo en el sur de Beirut. A la espera del discurso del presidente Javier Milei, la tensi\u00f3n en Medio Oriente domina la agenda en la Asamblea General de naciones que se desarrolla&#8230;<\/p>\n","protected":false},"author":3,"featured_media":118822,"comment_status":"closed","ping_status":"closed","sticky":false,"template":"","format":"standard","meta":[],"categories":[4],"tags":[],"_links":{"self":[{"href":"https:\/\/www.actualidadadiario.com\/index.php\/wp-json\/wp\/v2\/posts\/120598"}],"collection":[{"href":"https:\/\/www.actualidadadiario.com\/index.php\/wp-json\/wp\/v2\/posts"}],"about":[{"href":"https:\/\/www.actualidadadiario.com\/index.php\/wp-json\/wp\/v2\/types\/post"}],"author":[{"embeddable":true,"href":"https:\/\/www.actualidadadiario.com\/index.php\/wp-json\/wp\/v2\/users\/3"}],"replies":[{"embeddable":true,"href":"https:\/\/www.actualidadadiario.com\/index.php\/wp-json\/wp\/v2\/comments?post=120598"}],"version-history":[{"count":1,"href":"https:\/\/www.actualidadadiario.com\/index.php\/wp-json\/wp\/v2\/posts\/120598\/revisions"}],"predecessor-version":[{"id":120599,"href":"https:\/\/www.actualidadadiario.com\/index.php\/wp-json\/wp\/v2\/posts\/120598\/revisions\/120599"}],"wp:featuredmedia":[{"embeddable":true,"href":"https:\/\/www.actualidadadiario.com\/index.php\/wp-json\/wp\/v2\/media\/118822"}],"wp:attachment":[{"href":"https:\/\/www.actualidadadiario.com\/index.php\/wp-json\/wp\/v2\/media?parent=120598"}],"wp:term":[{"taxonomy":"category","embeddable":true,"href":"https:\/\/www.actualidadadiario.com\/index.php\/wp-json\/wp\/v2\/categories?post=120598"},{"taxonomy":"post_tag","embeddable":true,"href":"https:\/\/www.actualidadadiario.com\/index.php\/wp-json\/wp\/v2\/tags?post=120598"}],"curies":[{"name":"wp","href":"https:\/\/api.w.org\/{rel}","templated":true}]}}