{"id":120585,"date":"2024-09-24T14:16:32","date_gmt":"2024-09-24T17:16:32","guid":{"rendered":"https:\/\/www.actualidadadiario.com\/?p=120585"},"modified":"2024-09-24T14:16:32","modified_gmt":"2024-09-24T17:16:32","slug":"el-gobierno-analiza-la-caida-de-la-imagen-pero-reafirma-su-programa-estamos-haciendo-lo-que-prometimos","status":"publish","type":"post","link":"https:\/\/www.actualidadadiario.com\/index.php\/2024\/09\/24\/el-gobierno-analiza-la-caida-de-la-imagen-pero-reafirma-su-programa-estamos-haciendo-lo-que-prometimos\/","title":{"rendered":"El Gobierno analiza la ca\u00edda de la imagen, pero reafirma su programa: &#8220;Estamos haciendo lo que prometimos\u201d"},"content":{"rendered":"<p style=\"text-align: center;\"><em><strong>El vocero presidencial, Manuel Adorni, sostuvo que la administraci\u00f3n libertaria se mueve &#8220;en l\u00ednea con el mandato de la gente&#8221;. Adem\u00e1s, revel\u00f3 que &#8220;prestan atenci\u00f3n&#8221; a las encuestas<\/strong><\/em><\/p>\n<p>&nbsp;<\/p>\n<p>&nbsp;<\/p>\n<p>El Gobierno nacional analiza la ca\u00edda de la imagen del presidente Javier Milei reflejada en algunas encuestas, pero reafirma su programa: &#8220;Estamos haciendo lo que prometimos\u201d, sostuvo el vocero presidencial, Manuel Adorni.<\/p>\n<p>En la habitual conferencia de prensa, y luego de que cinco encuestas reflejaran una perdida en el porcentaje de apoyo a la administraci\u00f3n libertaria durante el mes de septiembre, el vocero plante\u00f3: \u201cLo que hacemos es entender esta pel\u00edcula, el camino que recorremos en virtud de lo que la gente solicit\u00f3 antes de votar\u201d.<\/p>\n<p>\u201cM\u00e1s all\u00e1 de la medici\u00f3n de la imagen que hay que analizarla, prestarle atenci\u00f3n y escucharla, estamos haciendo todo lo que dijimos que \u00edbamos a hacer a la mayor velocidad posible\u201d, especific\u00f3 el funcionario.<\/p>\n<p>Por su parte, insisti\u00f3 en que \u201clos mandatos eran claros\u201d y detect\u00f3 que los puntos fuertes del programa libertario fueron la econom\u00eda, le pelea contra la inflaci\u00f3n y la seguridad. \u201cSiempre estamos en l\u00ednea con seguir el mandato de la gente\u201d, resalt\u00f3.<\/p>\n<p>En la misma l\u00ednea, plante\u00f3: \u201cPor un lado, porque estamos haciendo lo que prometimos que \u00edbamos a hacer -con los tiempos que la pol\u00edtica permite- por la econom\u00eda estamos haci\u00e9ndolo todo por fulminar la inflaci\u00f3n. El trabajo est\u00e1 hecho, hay que darle tiempo para que efectivamente veamos el 0\u201d.<\/p>\n<p>\u201cAchicamos el Estado, denunciamos infinidad de curros, robos y corrupci\u00f3n\u201d, enumer\u00f3 en una descripci\u00f3n de lo que considera hitos de gesti\u00f3n, y destac\u00f3 la labor de la ministra de Seguridad, Patricia Bullrich, a quien le adjudic\u00f3 \u201cel orden en las calles\u201d, y de Sandra Pettovello en Capital Humano.<\/p>\n<p>Asimismo, remarc\u00f3 que lo central fue que \u201cse cort\u00f3 un gran negocio que eran los intermediarios que se los llam\u00f3 \u2018los gerentes de la pobreza\u2019, que eran los que les robaban a los no ten\u00eda para comer en beneficio propio multiplicado por millones\u201d.<\/p>\n<p>\u201cNadie en su sano juicio iba a pensar que el 11 de diciembre las cosas iban a estar solucionadas, que en estos meses el salario o las jubilaciones se iban a multiplicar por diez, pero estamos haciendo todo para que eso en alg\u00fan momento ocurra\u201d, prometi\u00f3 Adorni.<\/p>\n<p>A pesar de las cr\u00edticas a las recetas econ\u00f3micas, el vocero retruc\u00f3: \u201cParece novedoso, pero cumplir con lo que se promete en campa\u00f1a vale m\u00e1s que cualquier cosa. Vamos a seguir haciendo lo que va en l\u00ednea con lo que la gente vot\u00f3\u201d.<\/p>\n<p>\u201cHay cosas que van a llevar m\u00e1s tiempo, pero todo lo que hacemos, incluso cosas que no llegan a los ojos de la gente, es para sentar las bases para que eso termine de mejorar, de florecer, y dejarnos de hablar de corrupci\u00f3n, de herencias, de cosas que existen, que nos las han impuesto, y que son partes de la destrucci\u00f3n de la Argentina pero no queremos que eso ocurra nunca m\u00e1s\u201d, plante\u00f3.<\/p>\n<p>Por \u00faltimo, asegur\u00f3 que cuando el Presidente \u201cdeje de gobernar la Argentina se va a ir con una Argentina grande y con los pilares necesarios para que la decadencia finalmente termine\u201d.<\/p>\n","protected":false},"excerpt":{"rendered":"<p>El vocero presidencial, Manuel Adorni, sostuvo que la administraci\u00f3n libertaria se mueve &#8220;en l\u00ednea con el mandato de la gente&#8221;. Adem\u00e1s, revel\u00f3 que &#8220;prestan atenci\u00f3n&#8221; a las encuestas &nbsp; &nbsp; El Gobierno nacional analiza la ca\u00edda de la imagen del presidente Javier Milei reflejada en algunas encuestas, pero reafirma su programa: &#8220;Estamos haciendo lo que prometimos\u201d, sostuvo el vocero presidencial, Manuel Adorni. En la habitual conferencia de prensa, y luego de que cinco encuestas reflejaran una perdida en el porcentaje de apoyo a la administraci\u00f3n libertaria durante el mes de&#8230;<\/p>\n","protected":false},"author":3,"featured_media":115517,"comment_status":"closed","ping_status":"closed","sticky":false,"template":"","format":"standard","meta":[],"categories":[18],"tags":[],"_links":{"self":[{"href":"https:\/\/www.actualidadadiario.com\/index.php\/wp-json\/wp\/v2\/posts\/120585"}],"collection":[{"href":"https:\/\/www.actualidadadiario.com\/index.php\/wp-json\/wp\/v2\/posts"}],"about":[{"href":"https:\/\/www.actualidadadiario.com\/index.php\/wp-json\/wp\/v2\/types\/post"}],"author":[{"embeddable":true,"href":"https:\/\/www.actualidadadiario.com\/index.php\/wp-json\/wp\/v2\/users\/3"}],"replies":[{"embeddable":true,"href":"https:\/\/www.actualidadadiario.com\/index.php\/wp-json\/wp\/v2\/comments?post=120585"}],"version-history":[{"count":1,"href":"https:\/\/www.actualidadadiario.com\/index.php\/wp-json\/wp\/v2\/posts\/120585\/revisions"}],"predecessor-version":[{"id":120586,"href":"https:\/\/www.actualidadadiario.com\/index.php\/wp-json\/wp\/v2\/posts\/120585\/revisions\/120586"}],"wp:featuredmedia":[{"embeddable":true,"href":"https:\/\/www.actualidadadiario.com\/index.php\/wp-json\/wp\/v2\/media\/115517"}],"wp:attachment":[{"href":"https:\/\/www.actualidadadiario.com\/index.php\/wp-json\/wp\/v2\/media?parent=120585"}],"wp:term":[{"taxonomy":"category","embeddable":true,"href":"https:\/\/www.actualidadadiario.com\/index.php\/wp-json\/wp\/v2\/categories?post=120585"},{"taxonomy":"post_tag","embeddable":true,"href":"https:\/\/www.actualidadadiario.com\/index.php\/wp-json\/wp\/v2\/tags?post=120585"}],"curies":[{"name":"wp","href":"https:\/\/api.w.org\/{rel}","templated":true}]}}