{"id":120582,"date":"2024-09-24T14:15:50","date_gmt":"2024-09-24T17:15:50","guid":{"rendered":"https:\/\/www.actualidadadiario.com\/?p=120582"},"modified":"2024-09-24T14:15:50","modified_gmt":"2024-09-24T17:15:50","slug":"lopez-murphy-sobre-el-discurso-de-milei-en-la-onu-con-los-problemas-que-tenemos-darle-lecciones-al-mundo-no-parece-prudente","status":"publish","type":"post","link":"https:\/\/www.actualidadadiario.com\/index.php\/2024\/09\/24\/lopez-murphy-sobre-el-discurso-de-milei-en-la-onu-con-los-problemas-que-tenemos-darle-lecciones-al-mundo-no-parece-prudente\/","title":{"rendered":"L\u00f3pez Murphy, sobre el discurso de Milei en la ONU: \u201cCon los problemas que tenemos, darle lecciones al mundo no parece prudente\u201d"},"content":{"rendered":"<p style=\"text-align: center;\"><em><strong>El diputado nacional de Hacemos Coalici\u00f3n Federal sostuvo que \u201ctratar de bajar la inflaci\u00f3n ha estado demasiado centrado en el tipo de cambio\u201d y eso produjo \u201cconsecuencias\u201d. Adem\u00e1s, se\u00f1al\u00f3 que el Gobierno \u201cest\u00e1 urgido de resultados\u201d y cuando eso sucede \u201cse descuidan\u201d cuestiones importantes<\/strong><\/em><\/p>\n<p>&nbsp;<\/p>\n<p>&nbsp;<\/p>\n<p>El diputado nacional de Hacemos Coalici\u00f3n Federal (HCF) Ricardo L\u00f3pez Murphy se refiri\u00f3 al discurso que leer\u00e1 el presidente Javier Milei en la cumbre de la Organizaci\u00f3n de las Naciones Unidas (ONU), y asegur\u00f3 que \u201ccon los problemas que tenemos, estar d\u00e1ndole lecciones al mundo no parece lo m\u00e1s consistente y prudente\u201d.<\/p>\n<p>En declaraciones a Radio Metro, destac\u00f3 que en Argentina \u201chay muchos problemas\u201d y que \u00e9l, en su lugar, \u201cpreferir\u00eda\u201d una agenda que desarrolle \u201ccon m\u00e1s cuidado\u201d, lo que estamos haciendo, como pa\u00eds, \u201cpara proteger\u201d el medioambiente, el desarrollo forestal y la captaci\u00f3n de carbono.<\/p>\n<p>\u201cTenemos que mejorar nuestra relaci\u00f3n con los vecinos, para tener cada vez mayor integraci\u00f3n comercial. Soy globalista y creo que cuanto m\u00e1s se integre el mundo, m\u00e1s favorable va a ser la posibilidad para nuestro pa\u00eds. Necesitamos que se nos abran los mercados. Yo hablar\u00eda de esos temas, de la necesidad de defender los derechos humanos, de la necesidad de la paz en el mundo, por los problemas b\u00e9licos muy grandes que existen en el hemisferio septentrional\u2026 Har\u00eda un discurso sobre valores universales\u201d, manifest\u00f3.<\/p>\n<p>Por otra parte, indic\u00f3 que los n\u00fameros de nuestro pa\u00eds \u201cno parecen suficientes para afrontar los pagos\u201d que se deben realizar; eso \u201cproduce una desconfianza\u201d en los mercados, ya que Argentina necesita un super\u00e1vit comercial \u201cen el orden de los 25 mil millones de d\u00f3lares\u201d, y para lograrlo debe haber \u201cun tipo de cambio m\u00e1s competitivo\u201d.<\/p>\n<p>\u201cCreo yo que el esfuerzo de tratar de bajar la inflaci\u00f3n ha estado demasiado centrado en el tipo de cambio, eso produce consecuencias, y por eso tenemos problemas externos no menores. No solo en nuestro pa\u00eds, sino en otras regiones de Latinoam\u00e9rica, en la desesperaci\u00f3n de estabilizar las econom\u00edas, han seguido programas que implicaron una revaluaci\u00f3n, un atraso cambiario\u201d, explic\u00f3 el diputado.<\/p>\n<p>Asimismo, remarc\u00f3 que el Gobierno Nacional \u201cest\u00e1 urgido de resultados\u201d y que, a veces, cuando eso sucede \u201cdescuida\u201d cuestiones importantes: \u201cYo no me desesperar\u00eda por los resultados, sino porque el programa sea lo m\u00e1s ordenado, consistente, valioso\u201d, a\u00f1adi\u00f3.<\/p>\n<p>Para finalizar, destac\u00f3 que \u201cser\u00eda muy bueno que tengamos el apoyo de los organismos multilaterales\u201d porque eso, en general, es lo que hacen los pa\u00edses que est\u00e1n en situaciones tan vulnerables \u201ccomo la nuestra\u201d.<\/p>\n<p>\u201cPor alguna raz\u00f3n, esas negociaciones se demoran y, a mi gusto, se debilita un apoyo que, dada nuestra fragilidad, es necesario\u201d, concluy\u00f3.<\/p>\n","protected":false},"excerpt":{"rendered":"<p>El diputado nacional de Hacemos Coalici\u00f3n Federal sostuvo que \u201ctratar de bajar la inflaci\u00f3n ha estado demasiado centrado en el tipo de cambio\u201d y eso produjo \u201cconsecuencias\u201d. Adem\u00e1s, se\u00f1al\u00f3 que el Gobierno \u201cest\u00e1 urgido de resultados\u201d y cuando eso sucede \u201cse descuidan\u201d cuestiones importantes &nbsp; &nbsp; El diputado nacional de Hacemos Coalici\u00f3n Federal (HCF) Ricardo L\u00f3pez Murphy se refiri\u00f3 al discurso que leer\u00e1 el presidente Javier Milei en la cumbre de la Organizaci\u00f3n de las Naciones Unidas (ONU), y asegur\u00f3 que \u201ccon los problemas que tenemos, estar d\u00e1ndole lecciones al&#8230;<\/p>\n","protected":false},"author":3,"featured_media":120583,"comment_status":"closed","ping_status":"closed","sticky":false,"template":"","format":"standard","meta":[],"categories":[18],"tags":[],"_links":{"self":[{"href":"https:\/\/www.actualidadadiario.com\/index.php\/wp-json\/wp\/v2\/posts\/120582"}],"collection":[{"href":"https:\/\/www.actualidadadiario.com\/index.php\/wp-json\/wp\/v2\/posts"}],"about":[{"href":"https:\/\/www.actualidadadiario.com\/index.php\/wp-json\/wp\/v2\/types\/post"}],"author":[{"embeddable":true,"href":"https:\/\/www.actualidadadiario.com\/index.php\/wp-json\/wp\/v2\/users\/3"}],"replies":[{"embeddable":true,"href":"https:\/\/www.actualidadadiario.com\/index.php\/wp-json\/wp\/v2\/comments?post=120582"}],"version-history":[{"count":1,"href":"https:\/\/www.actualidadadiario.com\/index.php\/wp-json\/wp\/v2\/posts\/120582\/revisions"}],"predecessor-version":[{"id":120584,"href":"https:\/\/www.actualidadadiario.com\/index.php\/wp-json\/wp\/v2\/posts\/120582\/revisions\/120584"}],"wp:featuredmedia":[{"embeddable":true,"href":"https:\/\/www.actualidadadiario.com\/index.php\/wp-json\/wp\/v2\/media\/120583"}],"wp:attachment":[{"href":"https:\/\/www.actualidadadiario.com\/index.php\/wp-json\/wp\/v2\/media?parent=120582"}],"wp:term":[{"taxonomy":"category","embeddable":true,"href":"https:\/\/www.actualidadadiario.com\/index.php\/wp-json\/wp\/v2\/categories?post=120582"},{"taxonomy":"post_tag","embeddable":true,"href":"https:\/\/www.actualidadadiario.com\/index.php\/wp-json\/wp\/v2\/tags?post=120582"}],"curies":[{"name":"wp","href":"https:\/\/api.w.org\/{rel}","templated":true}]}}