{"id":120579,"date":"2024-09-24T14:12:58","date_gmt":"2024-09-24T17:12:58","guid":{"rendered":"https:\/\/www.actualidadadiario.com\/?p=120579"},"modified":"2024-09-24T14:12:58","modified_gmt":"2024-09-24T17:12:58","slug":"una-ong-macrista-le-advierte-a-milei-que-la-mitad-de-la-poblacion-es-pobre","status":"publish","type":"post","link":"https:\/\/www.actualidadadiario.com\/index.php\/2024\/09\/24\/una-ong-macrista-le-advierte-a-milei-que-la-mitad-de-la-poblacion-es-pobre\/","title":{"rendered":"Una ONG macrista le advierte a Milei que la mitad de la poblaci\u00f3n es pobre"},"content":{"rendered":"<p style=\"text-align: center;\"><em><strong>La Fundaci\u00f3n Pensar, que dirige Mar\u00eda Eugenia Vidal, se\u00f1ala la problem\u00e1tica social pero evita cuestionar el ajuste de Gobierno. Carga las tintas sobre la herencia hist\u00f3rica y califica la pobreza como \u201cla gran deuda de la democracia\u201d<\/strong><\/em><\/p>\n<p>&nbsp;<\/p>\n<p>&nbsp;<\/p>\n<p>Aunque alineado al Gobierno, el macrismo sali\u00f3 a advertirle a Javier Milei sobre la creciente pobreza. Un informe publicado por la fundaci\u00f3n Pensar, que encabeza Mar\u00eda Eugenia Vidal y que apadrina Mauricio Macri, destaca que en la Argentina hay 25,8 millones de pobres, aproximadamente la mitad de la poblaci\u00f3n. El documento se conoci\u00f3 este lunes, justo en el inicio de la semana en que el INDEC revelar\u00e1 la estad\u00edstica social durante el primer semestre de la gesti\u00f3n libertaria.<\/p>\n<p>El informe tiene la sutileza de no cuestionar directamente a la Casa Rosada, sino que carga las tintas sobre la herencia de los gobiernos anteriores, sobre todo del kirchnerismo, pese a que la administraci\u00f3n de Macri tampoco cumpli\u00f3 su promesa de campa\u00f1a de \u201cpobreza cero\u201d. El reporte, parte de la serie que publica todos los meses la fundaci\u00f3n sobre la coyuntura, hace un repaso hist\u00f3rico de la problem\u00e1tica: \u201cLa democracia nos trajo libertad pero no progreso. Desde 1983, Argentina sum\u00f3 17 millones de personas: 14 millones de pobres y 3 millones de no pobres. Es decir que el 82% del crecimiento demogr\u00e1fico fue el crecimiento de la pobreza. Hoy es pobre 1 de cada 2 argentinos y 7 de cada 10 chicos\u201d, afirma en un extracto que consign\u00f3 el diario Clar\u00edn.<\/p>\n<p>El informe califica a la pobreza como \u201cla gran deuda de la democracia\u201d. La fr\u00eda estad\u00edstica de que el 70 por ciento de los chicos est\u00e1n por debajo de la l\u00ednea de la pobreza se traduce a la dura realidad en que en el pa\u00eds hay un mill\u00f3n de ni\u00f1as y ni\u00f1os que se saltean la cena por problemas econ\u00f3micos en sus familias.<\/p>\n<p>Para alertar sobre el proceso nacional, pone en perspectiva la situaci\u00f3n latinoamericana: \u201cArgentina es el \u00fanico pa\u00eds de la regi\u00f3n que no logr\u00f3 reducir la pobreza en los \u00faltimos 13 a\u00f1os, medido por el Banco Mundial\u201d. En una comparativa sobre la evoluci\u00f3n de la pobreza en el resto del continente, destaca que en promedio se pudo reducir la pobreza en 20 puntos entre el 2000 y el 2022. All\u00ed aparecen territorios con realidades muy diferentes entre s\u00ed, como M\u00e9xico, Chile y El Salvador.<\/p>\n<p>Uno de los puntos en cuesti\u00f3n que toma el informe de Vidal es el aporte de la ayuda estatal. \u201cEl Estado, \u00bfpresente?\u201d se pregunta, justo cuando Milei acaba de enviar un Presupuesto 2025 al Congreso donde se perpet\u00faa la regla del ajuste fiscal, aunque el rubro de \u201cpromoci\u00f3n social\u201d estima que subir\u00e1 37,8%, frente al 28% de inflaci\u00f3n promedio que dibuja la iniciativa. \u201cUna familia tipo que solamente percibe ingresos por asistencia del Estado se encuentra un 11% abajo de la l\u00ednea de indigencia y un 60% abajo de la l\u00ednea de pobreza\u201d. Critica el uso del gasto social de \u201clos sucesivos gobiernos kirchneristas\u201d por supuesta falta de efectividad: \u201cDurante los gobiernos kirchneristas, el gasto social aument\u00f3 a un ritmo del 11% anual, 11 veces mayor que el macrismo\u201d.<\/p>\n<p>En ese sentido recuerda que \u201cla crisis de 2001 duplic\u00f3 la cantidad de beneficiarios de planes sociales y de empleo\u201d y que hubo \u201cun salto mayor a\u00fan a partir de 2009 con la introducci\u00f3n de la AUH, cuando la cantidad de beneficiarios casi se triplic\u00f3 (+185%)\u201d. Tambi\u00e9n cuestiona el peso del Estado en el kirchnerismo: \u201cdesde 2007 el empleo p\u00fablico creci\u00f3 el doble que el empleo privado (80% vs 42%).<\/p>\n<p>En el balance estad\u00edstico de cuatro d\u00e9cadas de democracia, el promedio es de un 35% de pobres. El punto m\u00e1s alto fue en 2002 \u2013post crisis de Fernando de la R\u00faa\u2013, con el 65%, y un piso de 25% en dos momentos distintos: principios del gobierno de Carlos Menem y en 2016, primer a\u00f1o completo de Macri, un dato que Vidal quiere ponderar a su favor.<\/p>\n<p>El documento de la fundaci\u00f3n Pensar avala en l\u00edneas generales el plan de austeridad de Milei, pero advierte: \u201cDespu\u00e9s de ordenar la macro, \u00bfqu\u00e9?\u201d. Reconoce que \u201csin una macroeconom\u00eda estable, la pobreza no va a bajar\u201d. Y destaca lo que le cuesta al pa\u00eds recuperarse de las sucesivas crisis, tanto producidas por causas end\u00f3genas como ex\u00f3genas. \u201cLa hiperinflaci\u00f3n, la crisis de 2001 y la pandemia muestran c\u00f3mo las crisis se pagan caras: toma al menos el cu\u00e1druple de a\u00f1os de la duraci\u00f3n de la crisis para retomar al nivel anterior de la pobreza\u201d.<\/p>\n","protected":false},"excerpt":{"rendered":"<p>La Fundaci\u00f3n Pensar, que dirige Mar\u00eda Eugenia Vidal, se\u00f1ala la problem\u00e1tica social pero evita cuestionar el ajuste de Gobierno. Carga las tintas sobre la herencia hist\u00f3rica y califica la pobreza como \u201cla gran deuda de la democracia\u201d &nbsp; &nbsp; Aunque alineado al Gobierno, el macrismo sali\u00f3 a advertirle a Javier Milei sobre la creciente pobreza. Un informe publicado por la fundaci\u00f3n Pensar, que encabeza Mar\u00eda Eugenia Vidal y que apadrina Mauricio Macri, destaca que en la Argentina hay 25,8 millones de pobres, aproximadamente la mitad de la poblaci\u00f3n. El documento&#8230;<\/p>\n","protected":false},"author":3,"featured_media":120580,"comment_status":"closed","ping_status":"closed","sticky":false,"template":"","format":"standard","meta":[],"categories":[18],"tags":[],"_links":{"self":[{"href":"https:\/\/www.actualidadadiario.com\/index.php\/wp-json\/wp\/v2\/posts\/120579"}],"collection":[{"href":"https:\/\/www.actualidadadiario.com\/index.php\/wp-json\/wp\/v2\/posts"}],"about":[{"href":"https:\/\/www.actualidadadiario.com\/index.php\/wp-json\/wp\/v2\/types\/post"}],"author":[{"embeddable":true,"href":"https:\/\/www.actualidadadiario.com\/index.php\/wp-json\/wp\/v2\/users\/3"}],"replies":[{"embeddable":true,"href":"https:\/\/www.actualidadadiario.com\/index.php\/wp-json\/wp\/v2\/comments?post=120579"}],"version-history":[{"count":1,"href":"https:\/\/www.actualidadadiario.com\/index.php\/wp-json\/wp\/v2\/posts\/120579\/revisions"}],"predecessor-version":[{"id":120581,"href":"https:\/\/www.actualidadadiario.com\/index.php\/wp-json\/wp\/v2\/posts\/120579\/revisions\/120581"}],"wp:featuredmedia":[{"embeddable":true,"href":"https:\/\/www.actualidadadiario.com\/index.php\/wp-json\/wp\/v2\/media\/120580"}],"wp:attachment":[{"href":"https:\/\/www.actualidadadiario.com\/index.php\/wp-json\/wp\/v2\/media?parent=120579"}],"wp:term":[{"taxonomy":"category","embeddable":true,"href":"https:\/\/www.actualidadadiario.com\/index.php\/wp-json\/wp\/v2\/categories?post=120579"},{"taxonomy":"post_tag","embeddable":true,"href":"https:\/\/www.actualidadadiario.com\/index.php\/wp-json\/wp\/v2\/tags?post=120579"}],"curies":[{"name":"wp","href":"https:\/\/api.w.org\/{rel}","templated":true}]}}