{"id":120576,"date":"2024-09-24T14:12:17","date_gmt":"2024-09-24T17:12:17","guid":{"rendered":"https:\/\/www.actualidadadiario.com\/?p=120576"},"modified":"2024-09-24T14:12:17","modified_gmt":"2024-09-24T17:12:17","slug":"tras-represion-en-el-congreso-el-gobierno-oficializa-subas-a-las-fuerzas-armadas-y-de-seguridad","status":"publish","type":"post","link":"https:\/\/www.actualidadadiario.com\/index.php\/2024\/09\/24\/tras-represion-en-el-congreso-el-gobierno-oficializa-subas-a-las-fuerzas-armadas-y-de-seguridad\/","title":{"rendered":"Tras represi\u00f3n en el Congreso, el Gobierno oficializa subas a las fuerzas armadas y de seguridad"},"content":{"rendered":"<p style=\"text-align: center;\"><em><strong>Milei sube los sueldos de las fuerzas represivas mientras despide a miles de estatales. \u00a1Enterate c\u00f3mo impacta este aumento en el ajuste estatal!<\/strong><\/em><\/p>\n<p>&nbsp;<\/p>\n<p>&nbsp;<\/p>\n<p>El gobierno de Javier Milei sigue adelante con su pol\u00edtica de ajuste y reducci\u00f3n del Estado. En medio de despidos masivos de empleados p\u00fablicos, el presidente dispuso un significativo aumento salarial para las fuerzas de seguridad federales, las mismas que han sido clave para sostener su gesti\u00f3n a trav\u00e9s de diversos operativos de represi\u00f3n. La resoluci\u00f3n 979\/2024, publicada hoy en el Bolet\u00edn Oficial, oficializ\u00f3 el incremento para la Polic\u00eda Federal, Gendarmer\u00eda Nacional, Prefectura Naval, la Polic\u00eda de Seguridad Aeroportuaria y el Servicio Penitenciario Federal.<\/p>\n<p>&nbsp;<\/p>\n<p><strong>Aumento en los salarios de septiembre y octubre<\/strong><\/p>\n<p>El Ministerio de Seguridad, encabezado por Patricia Bullrich, justific\u00f3 la medida asegurando que busca &#8220;reconocer la capacidad, responsabilidad y dedicaci\u00f3n&#8221; del personal de las fuerzas de seguridad. Los incrementos, que comenzar\u00e1n a cobrarse en septiembre y octubre, var\u00edan seg\u00fan la jerarqu\u00eda y las horas trabajadas.<\/p>\n<p>Por ejemplo, un marinero de Prefectura cobrar\u00e1 en septiembre $624.317,69 y en octubre $630.560,87. Por otro lado, el personal con mayor jerarqu\u00eda, como un comandante general, recibir\u00e1 $2.121.872,69 el pr\u00f3ximo mes. Adem\u00e1s, se actualiz\u00f3 el &#8220;Recargo de Servicio&#8221;, que parte desde los $22.344,70 para quienes trabajan de 3 a 5 horas, alcanzando los $44.689,40 para quienes cumplen m\u00e1s de 5 horas de servicio.<\/p>\n<p>&nbsp;<\/p>\n<p><strong>Las fuerzas, clave en la represi\u00f3n<\/strong><\/p>\n<p>Este aumento llega pocos d\u00edas despu\u00e9s de la violenta represi\u00f3n en el Congreso contra jubilados y manifestantes que protestaban contra el ajuste. Las fuerzas de seguridad han jugado un rol central en los operativos dispuestos por Bullrich para controlar las protestas sociales. Seg\u00fan las fuentes oficiales, la Polic\u00eda Federal es la fuerza que m\u00e1s personal requiri\u00f3 en cada una de estas acciones.<\/p>\n<p>&#8220;En un contexto donde se despiden a miles de empleados p\u00fablicos, resulta llamativo que los \u00fanicos beneficiados por el gobierno sean quienes sostienen su pol\u00edtica de desmantelamiento del Estado&#8221;, se\u00f1al\u00f3 un dirigente gremial en off the record. Las cr\u00edticas no tardaron en llegar desde distintos sectores pol\u00edticos y sociales que ven en estas medidas una clara priorizaci\u00f3n de las fuerzas represivas sobre otras \u00e1reas del Estado.<\/p>\n<p>&nbsp;<\/p>\n<p><strong>Comparaci\u00f3n con el ajuste a otros sectores<\/strong><\/p>\n<p>Mientras tanto, otros sectores estatales, especialmente los empleados p\u00fablicos, enfrentan recortes y despidos. La pol\u00edtica de ajuste y reducci\u00f3n del gasto estatal impulsada por Milei ha afectado a miles de trabajadores, quienes denuncian que el gobierno est\u00e1 desmantelando \u00e1reas clave del Estado, mientras refuerza a las fuerzas de seguridad.<\/p>\n<p>&#8220;Es un golpe directo a los trabajadores del Estado que no s\u00f3lo pierden sus empleos, sino que adem\u00e1s ven c\u00f3mo el gobierno prioriza a los represores sobre cualquier otro sector&#8221;, expres\u00f3 una fuente sindical. Desde la Confederaci\u00f3n General del Trabajo (CGT), tambi\u00e9n surgieron cuestionamientos a la administraci\u00f3n de Milei por desmantelar organismos esenciales y dejar sin protecci\u00f3n a los empleados p\u00fablicos.<\/p>\n<p>El contraste entre el ajuste a los estatales y el aumento a las fuerzas de seguridad es evidente, y alimenta las cr\u00edticas hacia la gesti\u00f3n del presidente. Mientras tanto, el malestar social sigue en aumento, y todo indica que las protestas no cesar\u00e1n en el corto plazo.<\/p>\n<p>&nbsp;<\/p>\n<p><strong>Aumento de los complementos y recargos<\/strong><\/p>\n<p>Adem\u00e1s de los salarios base, los efectivos tambi\u00e9n recibir\u00e1n incrementos en los suplementos por responsabilidad jer\u00e1rquica. Para los directores y jefes de la Gendarmer\u00eda, Prefectura y Polic\u00eda Federal, estos complementos ser\u00e1n de hasta $302.298,78 en octubre.<\/p>\n<p>Tambi\u00e9n se incrementaron los valores del complemento &#8220;Funci\u00f3n Prevenci\u00f3n Barrial&#8221;, que oscila entre los $273.830,30 y $885.522,63. La medida busca reconocer el rol que estas fuerzas desempe\u00f1an en la prevenci\u00f3n del delito en zonas vulnerables.<\/p>\n","protected":false},"excerpt":{"rendered":"<p>Milei sube los sueldos de las fuerzas represivas mientras despide a miles de estatales. \u00a1Enterate c\u00f3mo impacta este aumento en el ajuste estatal! &nbsp; &nbsp; El gobierno de Javier Milei sigue adelante con su pol\u00edtica de ajuste y reducci\u00f3n del Estado. En medio de despidos masivos de empleados p\u00fablicos, el presidente dispuso un significativo aumento salarial para las fuerzas de seguridad federales, las mismas que han sido clave para sostener su gesti\u00f3n a trav\u00e9s de diversos operativos de represi\u00f3n. La resoluci\u00f3n 979\/2024, publicada hoy en el Bolet\u00edn Oficial, oficializ\u00f3 el&#8230;<\/p>\n","protected":false},"author":3,"featured_media":120577,"comment_status":"closed","ping_status":"closed","sticky":false,"template":"","format":"standard","meta":[],"categories":[18],"tags":[],"_links":{"self":[{"href":"https:\/\/www.actualidadadiario.com\/index.php\/wp-json\/wp\/v2\/posts\/120576"}],"collection":[{"href":"https:\/\/www.actualidadadiario.com\/index.php\/wp-json\/wp\/v2\/posts"}],"about":[{"href":"https:\/\/www.actualidadadiario.com\/index.php\/wp-json\/wp\/v2\/types\/post"}],"author":[{"embeddable":true,"href":"https:\/\/www.actualidadadiario.com\/index.php\/wp-json\/wp\/v2\/users\/3"}],"replies":[{"embeddable":true,"href":"https:\/\/www.actualidadadiario.com\/index.php\/wp-json\/wp\/v2\/comments?post=120576"}],"version-history":[{"count":1,"href":"https:\/\/www.actualidadadiario.com\/index.php\/wp-json\/wp\/v2\/posts\/120576\/revisions"}],"predecessor-version":[{"id":120578,"href":"https:\/\/www.actualidadadiario.com\/index.php\/wp-json\/wp\/v2\/posts\/120576\/revisions\/120578"}],"wp:featuredmedia":[{"embeddable":true,"href":"https:\/\/www.actualidadadiario.com\/index.php\/wp-json\/wp\/v2\/media\/120577"}],"wp:attachment":[{"href":"https:\/\/www.actualidadadiario.com\/index.php\/wp-json\/wp\/v2\/media?parent=120576"}],"wp:term":[{"taxonomy":"category","embeddable":true,"href":"https:\/\/www.actualidadadiario.com\/index.php\/wp-json\/wp\/v2\/categories?post=120576"},{"taxonomy":"post_tag","embeddable":true,"href":"https:\/\/www.actualidadadiario.com\/index.php\/wp-json\/wp\/v2\/tags?post=120576"}],"curies":[{"name":"wp","href":"https:\/\/api.w.org\/{rel}","templated":true}]}}