{"id":120574,"date":"2024-09-24T14:10:31","date_gmt":"2024-09-24T17:10:31","guid":{"rendered":"https:\/\/www.actualidadadiario.com\/?p=120574"},"modified":"2024-09-24T14:10:31","modified_gmt":"2024-09-24T17:10:31","slug":"el-gobierno-creo-el-sistema-integrado-de-informacion-social","status":"publish","type":"post","link":"https:\/\/www.actualidadadiario.com\/index.php\/2024\/09\/24\/el-gobierno-creo-el-sistema-integrado-de-informacion-social\/","title":{"rendered":"El Gobierno cre\u00f3 el Sistema Integrado de Informaci\u00f3n Social"},"content":{"rendered":"<p style=\"text-align: center;\"><em><strong>A trav\u00e9s de la Resoluci\u00f3n 652\/2024 la administraci\u00f3n de Javier Milei implementar\u00e1 un sistema de registro y control de datos para el uso &#8220;eficiente&#8221; de los recursos del Estado<\/strong><\/em><\/p>\n<p>&nbsp;<\/p>\n<p>&nbsp;<\/p>\n<p>&nbsp;<\/p>\n<p>En consonancia con las medidas de control del Gobierno sobre el reparto de la ayuda social, la administraci\u00f3n de Javier Milei cre\u00f3 el Sistema Integrado de Informaci\u00f3n Social (SIIS). Se trata de una base de datos presentada este martes a trav\u00e9s de la Resoluci\u00f3n 652\/2024 publicada en el Bolet\u00edn Oficial, y que estar\u00e1 bajo la \u00f3rbita del Ministerio de Capital Humano que conduce Sandra Pettovello, con el objetivo de definir las nuevas pol\u00edticas p\u00fablicas en el \u00e1rea.<\/p>\n<p>De acuerdo a la norma publicada hoy, dicha bases de datos se enfocar\u00e1 en &#8220;la integraci\u00f3n e interoperabilidad de la informaci\u00f3n, contribuyendo al dise\u00f1o de pol\u00edticas sociales que tiendan al uso eficiente de los recursos del Estado\u201d.<\/p>\n<p>&nbsp;<\/p>\n<p><strong>Qu\u00e9 es el Sistema Integrado de Informaci\u00f3n Social que cre\u00f3 el Gobierno<\/strong><\/p>\n<p>La idea del SIIS que manejar\u00e1 Capital Humano surgi\u00f3 de \u201cla necesidad de optimizar los recursos del Estado Nacional a los efectos de planificar e implementar pol\u00edticas p\u00fablicas sociales efectivas para la poblaci\u00f3n m\u00e1s vulnerable\u201d, dado que, seg\u00fan se explica en los considerandos de la norma, \u201cla disponibilidad de informaci\u00f3n estad\u00edstica integrada, precisa y actualizada es fundamental para la formulaci\u00f3n, planificaci\u00f3n, implementaci\u00f3n, monitoreo y evaluaci\u00f3n de pol\u00edticas p\u00fablicas eficaces\u201d.<\/p>\n<p>En el art\u00edculo 5\u00b0 se define de donde saldr\u00e1 el presupuesto para la implementaci\u00f3n: \u201cEl gasto que oportunamente demande la puesta en funcionamiento del SIIS, ser\u00e1 atendido con cargo a las partidas pertinentes del Ministerio de Capital Humano\u201d.<\/p>\n<p>\u201cResulta imperioso integrar la informaci\u00f3n emanada de las Secretar\u00edas, que conforman el Ministerio de Capital Humano en un sistema integrado de informaci\u00f3n social a implementarse por \u00e9ste, a trav\u00e9s del Consejo Nacional de Coordinaci\u00f3n de Pol\u00edticas Sociales\u201d, con el objetivo de \u201cevaluar y monitorear las pol\u00edticas p\u00fablicas sociales vigentes as\u00ed como planificar y dise\u00f1ar las que resulten necesarias conforme los resultados que arroje dicho sistema de informaci\u00f3n\u201d expresa la resoluci\u00f3n publicada en el Bolet\u00edn Oficial.<\/p>\n<p>En el art\u00edculo 2\u00b0 de la medida, que lleva la firma de Sandra Pettovello, el Consejo Nacional de Coordinaci\u00f3n de Pol\u00edticas Sociales tendr\u00e1 a su cargo \u201cla custodia y cruce de informaci\u00f3n\u201d de las secretar\u00edas hacia el SIIS.<\/p>\n<p>La misi\u00f3n principal de la base de datos creada por el gobierno de Milei ser\u00e1 \u201cla integraci\u00f3n e Interoperabilidad de los datos compartidos, a los efectos de llevar adelante la evaluaci\u00f3n, homogeneizaci\u00f3n, el seguimiento, la sistematizaci\u00f3n, la elaboraci\u00f3n de estad\u00edsticas, para el dise\u00f1o de pol\u00edticas p\u00fablicas sociales basadas en evidencia\u201d.<\/p>\n<p>Por eso, tal y como se mencion\u00f3, se le encomend\u00f3 a todas las secretar\u00edas que responden a la Cartera con sede en la calle Carlos Pellegrini 1285 de CABA,\u201ca intercambiar, proveer y mantener actualizadas sus bases de datos en concordancia y a trav\u00e9s del SIIS, conforme la normativa vigente en la materia\u201d.<\/p>\n","protected":false},"excerpt":{"rendered":"<p>A trav\u00e9s de la Resoluci\u00f3n 652\/2024 la administraci\u00f3n de Javier Milei implementar\u00e1 un sistema de registro y control de datos para el uso &#8220;eficiente&#8221; de los recursos del Estado &nbsp; &nbsp; &nbsp; En consonancia con las medidas de control del Gobierno sobre el reparto de la ayuda social, la administraci\u00f3n de Javier Milei cre\u00f3 el Sistema Integrado de Informaci\u00f3n Social (SIIS). Se trata de una base de datos presentada este martes a trav\u00e9s de la Resoluci\u00f3n 652\/2024 publicada en el Bolet\u00edn Oficial, y que estar\u00e1 bajo la \u00f3rbita del Ministerio&#8230;<\/p>\n","protected":false},"author":3,"featured_media":117902,"comment_status":"closed","ping_status":"closed","sticky":false,"template":"","format":"standard","meta":[],"categories":[18],"tags":[],"_links":{"self":[{"href":"https:\/\/www.actualidadadiario.com\/index.php\/wp-json\/wp\/v2\/posts\/120574"}],"collection":[{"href":"https:\/\/www.actualidadadiario.com\/index.php\/wp-json\/wp\/v2\/posts"}],"about":[{"href":"https:\/\/www.actualidadadiario.com\/index.php\/wp-json\/wp\/v2\/types\/post"}],"author":[{"embeddable":true,"href":"https:\/\/www.actualidadadiario.com\/index.php\/wp-json\/wp\/v2\/users\/3"}],"replies":[{"embeddable":true,"href":"https:\/\/www.actualidadadiario.com\/index.php\/wp-json\/wp\/v2\/comments?post=120574"}],"version-history":[{"count":1,"href":"https:\/\/www.actualidadadiario.com\/index.php\/wp-json\/wp\/v2\/posts\/120574\/revisions"}],"predecessor-version":[{"id":120575,"href":"https:\/\/www.actualidadadiario.com\/index.php\/wp-json\/wp\/v2\/posts\/120574\/revisions\/120575"}],"wp:featuredmedia":[{"embeddable":true,"href":"https:\/\/www.actualidadadiario.com\/index.php\/wp-json\/wp\/v2\/media\/117902"}],"wp:attachment":[{"href":"https:\/\/www.actualidadadiario.com\/index.php\/wp-json\/wp\/v2\/media?parent=120574"}],"wp:term":[{"taxonomy":"category","embeddable":true,"href":"https:\/\/www.actualidadadiario.com\/index.php\/wp-json\/wp\/v2\/categories?post=120574"},{"taxonomy":"post_tag","embeddable":true,"href":"https:\/\/www.actualidadadiario.com\/index.php\/wp-json\/wp\/v2\/tags?post=120574"}],"curies":[{"name":"wp","href":"https:\/\/api.w.org\/{rel}","templated":true}]}}