{"id":12057,"date":"2017-05-24T09:18:59","date_gmt":"2017-05-24T12:18:59","guid":{"rendered":"http:\/\/actualidadadiario.com\/site\/?p=12057"},"modified":"2017-05-24T09:18:59","modified_gmt":"2017-05-24T12:18:59","slug":"panozzo-descarto-una-posible-extension-de-las-clases","status":"publish","type":"post","link":"https:\/\/www.actualidadadiario.com\/index.php\/2017\/05\/24\/panozzo-descarto-una-posible-extension-de-las-clases\/","title":{"rendered":"Panozzo descart\u00f3 una posible extensi\u00f3n de las clases"},"content":{"rendered":"<p><em><strong>\u201cNo apuntamos a la cantidad sino a la calidad\u201d, dijo el presidente del Consejo General de Educaci\u00f3n (CGE), Jos\u00e9 Luis Panozzo, al referirse a los d\u00edas de clase perdidos por paro. Adem\u00e1s asegur\u00f3 que \u201cd\u00eda de clase que se pierde, no se recupera\u201d. De ese modo descart\u00f3 que se agreguen d\u00edas al calendario escolar de este a\u00f1o<\/strong><\/em><\/p>\n<p>&nbsp;<\/p>\n<p>&nbsp;<\/p>\n<p>&nbsp;<\/p>\n<p>Finalizado el conflicto docente en la provincia, consultamos a Panozzo si el Gobierno tiene previsto aplicar alg\u00fan plan de recuperaci\u00f3n de los d\u00edas de clase perdidos por paro, que suman 14 durante este a\u00f1o. \u201cD\u00eda de clase que se pierde, no se recupera\u201d, respondi\u00f3 el funcionario. Pero agreg\u00f3: \u201cS\u00ed tenemos estrategias did\u00e1cticas para recuperar los saberes m\u00ednimos de aqu\u00ed a fin de a\u00f1o\u201d. Se\u00f1al\u00f3 adem\u00e1s: \u201cEsta cuesti\u00f3n no s\u00f3lo nos preocupa, sino que nos estamos ocupando para la recuperaci\u00f3n de los saberes\u201d.<\/p>\n<p>&nbsp;<\/p>\n<p>En el mismo sentido, subray\u00f3: \u201cNosotros no apuntamos a la cantidad sino a la calidad, y en funci\u00f3n de eso estamos trabajando a lo largo y a lo ancho de la provincia en capacitaciones, para que los docentes cuenten con las estrategias y el material necesarios para poder recuperar saberes\u201d.<\/p>\n<p>&nbsp;<\/p>\n<p>Consultado sobre la resoluci\u00f3n del conflicto docente, Panozzo asegur\u00f3: \u201cEsto es fruto de la vocaci\u00f3n de di\u00e1logo que tiene el Gobierno de la provincia, a\u00fan desde nuestros disensos\u201d.<\/p>\n<p>&nbsp;<\/p>\n<p>\u201cSent\u00e1ndonos a una mesa hemos podido concluir y arribar a un consenso\u201d, afirm\u00f3 y subray\u00f3 \u201cel esfuerzo del Gobierno y la decisi\u00f3n de poder otorgar el 23,5 por ciento de aumento en tres tramos en la provincia\u201d.<\/p>\n","protected":false},"excerpt":{"rendered":"<p>\u201cNo apuntamos a la cantidad sino a la calidad\u201d, dijo el presidente del Consejo General de Educaci\u00f3n (CGE), Jos\u00e9 Luis Panozzo, al referirse a los d\u00edas de clase perdidos por paro. Adem\u00e1s asegur\u00f3 que \u201cd\u00eda de clase que se pierde, no se recupera\u201d. De ese modo descart\u00f3 que se agreguen d\u00edas al calendario escolar de este a\u00f1o &nbsp; &nbsp; &nbsp; Finalizado el conflicto docente en la provincia, consultamos a Panozzo si el Gobierno tiene previsto aplicar alg\u00fan plan de recuperaci\u00f3n de los d\u00edas de clase perdidos por paro, que suman&#8230;<\/p>\n","protected":false},"author":3,"featured_media":12058,"comment_status":"closed","ping_status":"closed","sticky":false,"template":"","format":"standard","meta":[],"categories":[15],"tags":[],"_links":{"self":[{"href":"https:\/\/www.actualidadadiario.com\/index.php\/wp-json\/wp\/v2\/posts\/12057"}],"collection":[{"href":"https:\/\/www.actualidadadiario.com\/index.php\/wp-json\/wp\/v2\/posts"}],"about":[{"href":"https:\/\/www.actualidadadiario.com\/index.php\/wp-json\/wp\/v2\/types\/post"}],"author":[{"embeddable":true,"href":"https:\/\/www.actualidadadiario.com\/index.php\/wp-json\/wp\/v2\/users\/3"}],"replies":[{"embeddable":true,"href":"https:\/\/www.actualidadadiario.com\/index.php\/wp-json\/wp\/v2\/comments?post=12057"}],"version-history":[{"count":1,"href":"https:\/\/www.actualidadadiario.com\/index.php\/wp-json\/wp\/v2\/posts\/12057\/revisions"}],"predecessor-version":[{"id":12059,"href":"https:\/\/www.actualidadadiario.com\/index.php\/wp-json\/wp\/v2\/posts\/12057\/revisions\/12059"}],"wp:featuredmedia":[{"embeddable":true,"href":"https:\/\/www.actualidadadiario.com\/index.php\/wp-json\/wp\/v2\/media\/12058"}],"wp:attachment":[{"href":"https:\/\/www.actualidadadiario.com\/index.php\/wp-json\/wp\/v2\/media?parent=12057"}],"wp:term":[{"taxonomy":"category","embeddable":true,"href":"https:\/\/www.actualidadadiario.com\/index.php\/wp-json\/wp\/v2\/categories?post=12057"},{"taxonomy":"post_tag","embeddable":true,"href":"https:\/\/www.actualidadadiario.com\/index.php\/wp-json\/wp\/v2\/tags?post=12057"}],"curies":[{"name":"wp","href":"https:\/\/api.w.org\/{rel}","templated":true}]}}