{"id":120567,"date":"2024-09-24T13:55:37","date_gmt":"2024-09-24T16:55:37","guid":{"rendered":"https:\/\/www.actualidadadiario.com\/?p=120567"},"modified":"2024-09-24T13:55:37","modified_gmt":"2024-09-24T16:55:37","slug":"nuevo-paro-de-docentes-universitarios-jueves-y-viernes-sin-clases-en-todo-el-pais","status":"publish","type":"post","link":"https:\/\/www.actualidadadiario.com\/index.php\/2024\/09\/24\/nuevo-paro-de-docentes-universitarios-jueves-y-viernes-sin-clases-en-todo-el-pais\/","title":{"rendered":"Nuevo paro de docentes universitarios: jueves y viernes, sin clases en todo el pa\u00eds"},"content":{"rendered":"<p style=\"text-align: center;\"><em><strong>La Conadu Hist\u00f3rica anunci\u00f3 paros para este 26 y 27 de septiembre en medio de las tensiones por la Ley de Financiamiento. En tanto, el pr\u00f3ximo 2 de octubre est\u00e1 prevista una Marcha Federal Educativa<\/strong><\/em><\/p>\n<p>&nbsp;<\/p>\n<p>&nbsp;<\/p>\n<p>Comenz\u00f3 una semana con nuevas medidas de fuerza en las universidades de todo el pa\u00eds. Ante el inminente veto presidencial a la Ley de Financiamiento Universitario, la Conadu Hist\u00f3rica ya defini\u00f3 medidas de lucha para esta semana y una movilizaci\u00f3n masiva para los primeros d\u00edas de octubre.<\/p>\n<p>Por un lado, los gremios docentes y no docentes convocaron a un paro nacional para el jueves 26 y viernes 27 de septiembre. No solo habr\u00e1 una paralizaci\u00f3n de actividades, sino que ser\u00e1 una semana de visibilizaci\u00f3n de la situaci\u00f3n con volanteadas, conferencias, clases p\u00fablicas, radio abierta y otras actividades. Y por otro, se est\u00e1 organizando una gran marcha universitaria que intentar\u00e1 replicar la masividad de la primera, que fue el 23 de abril. Organizan las universidades, los sindicatos y los centros de estudiantes y ser\u00e1 la primera semana del mes pr\u00f3ximo.<\/p>\n<p>En la lucha del sector universitario no solo participan los gremios de los trabajadores docentes y no docentes, sino tambi\u00e9n, por primera vez, las autoridades de las universidades nacionales.<\/p>\n<p>&nbsp;<\/p>\n<p><strong>Qu\u00e9 establece la Ley de Financiamiento<\/strong><\/p>\n<p>La Ley de Financiamiento que sancion\u00f3 el Congreso se declara la emergencia presupuestaria del sistema universitario nacional para el a\u00f1o 2024 y actualiza las partidas del Presupuesto 2023, prorrogado por el Gobierno de La Libertad Avanza. En di\u00e1logo con AIRE, Enrique Mammarella, rector de la Universidad Nacional del Litoral (UNL), explic\u00f3 que el impacto fiscal de la ley que el Gobierno nacional tiene intenciones de vetar representa tan solo el 0,14 por ciento del PBI.<\/p>\n","protected":false},"excerpt":{"rendered":"<p>La Conadu Hist\u00f3rica anunci\u00f3 paros para este 26 y 27 de septiembre en medio de las tensiones por la Ley de Financiamiento. En tanto, el pr\u00f3ximo 2 de octubre est\u00e1 prevista una Marcha Federal Educativa &nbsp; &nbsp; Comenz\u00f3 una semana con nuevas medidas de fuerza en las universidades de todo el pa\u00eds. Ante el inminente veto presidencial a la Ley de Financiamiento Universitario, la Conadu Hist\u00f3rica ya defini\u00f3 medidas de lucha para esta semana y una movilizaci\u00f3n masiva para los primeros d\u00edas de octubre. Por un lado, los gremios docentes&#8230;<\/p>\n","protected":false},"author":3,"featured_media":120410,"comment_status":"closed","ping_status":"closed","sticky":false,"template":"","format":"standard","meta":[],"categories":[2],"tags":[],"_links":{"self":[{"href":"https:\/\/www.actualidadadiario.com\/index.php\/wp-json\/wp\/v2\/posts\/120567"}],"collection":[{"href":"https:\/\/www.actualidadadiario.com\/index.php\/wp-json\/wp\/v2\/posts"}],"about":[{"href":"https:\/\/www.actualidadadiario.com\/index.php\/wp-json\/wp\/v2\/types\/post"}],"author":[{"embeddable":true,"href":"https:\/\/www.actualidadadiario.com\/index.php\/wp-json\/wp\/v2\/users\/3"}],"replies":[{"embeddable":true,"href":"https:\/\/www.actualidadadiario.com\/index.php\/wp-json\/wp\/v2\/comments?post=120567"}],"version-history":[{"count":1,"href":"https:\/\/www.actualidadadiario.com\/index.php\/wp-json\/wp\/v2\/posts\/120567\/revisions"}],"predecessor-version":[{"id":120568,"href":"https:\/\/www.actualidadadiario.com\/index.php\/wp-json\/wp\/v2\/posts\/120567\/revisions\/120568"}],"wp:featuredmedia":[{"embeddable":true,"href":"https:\/\/www.actualidadadiario.com\/index.php\/wp-json\/wp\/v2\/media\/120410"}],"wp:attachment":[{"href":"https:\/\/www.actualidadadiario.com\/index.php\/wp-json\/wp\/v2\/media?parent=120567"}],"wp:term":[{"taxonomy":"category","embeddable":true,"href":"https:\/\/www.actualidadadiario.com\/index.php\/wp-json\/wp\/v2\/categories?post=120567"},{"taxonomy":"post_tag","embeddable":true,"href":"https:\/\/www.actualidadadiario.com\/index.php\/wp-json\/wp\/v2\/tags?post=120567"}],"curies":[{"name":"wp","href":"https:\/\/api.w.org\/{rel}","templated":true}]}}