{"id":120564,"date":"2024-09-24T13:54:44","date_gmt":"2024-09-24T16:54:44","guid":{"rendered":"https:\/\/www.actualidadadiario.com\/?p=120564"},"modified":"2024-09-24T13:55:00","modified_gmt":"2024-09-24T16:55:00","slug":"incendios-en-cordoba-cuales-son-los-focos-que-siguen-activos-en-las-sierras","status":"publish","type":"post","link":"https:\/\/www.actualidadadiario.com\/index.php\/2024\/09\/24\/incendios-en-cordoba-cuales-son-los-focos-que-siguen-activos-en-las-sierras\/","title":{"rendered":"Incendios en C\u00f3rdoba: cu\u00e1les son los focos que siguen activos en las sierras"},"content":{"rendered":"<p style=\"text-align: center;\"><em><strong>Los bomberos contin\u00faan la lucha contra las llamas en distintos puntos de la Provincia. Hay cuatro incendios activos<\/strong><\/em><\/p>\n<p>&nbsp;<\/p>\n<p>&nbsp;<\/p>\n<p>Bomberos voluntarios contin\u00faan este martes la lucha contra el fuego en distintos puntos de la provincia de C\u00f3rdoba.<\/p>\n<p>&nbsp;<\/p>\n<p><strong>Cuatro focos activos<\/strong><\/p>\n<p>Roberto Schreiner, vocero de la Secretar\u00eda de Gesti\u00f3n de Riesgos de C\u00f3rdoba, confirm\u00f3 que esta ma\u00f1ana est\u00e1n activos cuatro focos.<\/p>\n<p>&#8220;Tenemos activo el incendio de Salsacate, all\u00ed donde est\u00e1 Quebraba La Mermela, est\u00e1n trabajando aproximadamente 150 bomberos, con gente del Etac, del Plan del Fuego, Protecci\u00f3n Civil&#8221;, explic\u00f3 el funcionario.<\/p>\n<p>El funcionario inform\u00f3 que hay otro foco entre Villa Berna y Villa Alpina &#8220;que no se pudo controlar&#8221; y en el que trabajan\u00a0 unos 250 efectivos.<\/p>\n<p>&#8220;Tenemos el incendio que comenz\u00f3 en Capilla del Monte que se ramific\u00f3 en dos partes. Fue una parte hacia el oeste y otra parte hacia el este. Hacia el oeste va dirigi\u00e9ndose para el lado de San Marcos, que lleg\u00f3 anoche a San Marcos Sierras. Se evitaron que se quemaran las viviendas. La otra parte del incendio est\u00e1 tambi\u00e9n para el lado de Capilla del Monte. All\u00ed hay riesgo de interfase, est\u00e1n todos los bomberos trabajando&#8221;, agreg\u00f3 Schreiner en un informe a los medios.<\/p>\n<p>&#8220;Adem\u00e1s una parte de esta ramificaci\u00f3n fue para el lado de las Sierras Chicas, de Ongamira hacia el sur. La cabeza de fuego est\u00e1 al norte de La Granja. All\u00ed hay trabajando 120 bomberos, m\u00e1s los 400 que est\u00e1n aqu\u00ed en la zona de Capilla del Monte&#8221;, precis\u00f3 el funcionario.<\/p>\n<p>&nbsp;<\/p>\n<p><strong>Equipos<\/strong><\/p>\n<p>\u201cHan trabajado los aviones, no toda la tarde por la cuesti\u00f3n del clima. El viento sigue siendo muy importante lo que imposibilita el vuelo de los aviones y los helic\u00f3pteros. As\u00ed que cada vez que baja el viento se prev\u00e9 una disminuci\u00f3n de la intensidad\u201d, indic\u00f3.<\/p>\n<p>\u201cEst\u00e1n trabajando los aviones de la Provincia de C\u00f3rdoba, los del Plan Federal, los helic\u00f3pteros y est\u00e1 viniendo otro helic\u00f3ptero m\u00e1s. Tambi\u00e9n est\u00e1n llegando 60 brigadistas para trabajar en las Sierras Chicas\u201d, detall\u00f3 Schreiner.<\/p>\n<p>En total unos 800 bomberos trabajaron durante toda la noche y durante esta jornada continuar\u00e1 el combate contra las llamas.<\/p>\n<p>Adem\u00e1s\u00a0 se incorporar\u00e1n m\u00e1s medios a\u00e9reos y tambi\u00e9n otro contingente de brigadistas del Sistema Federal, inform\u00f3 el Gobierno de C\u00f3rdoba.<\/p>\n<p>El mapa de riesgo de incendio se\u00f1ala un riesgo muy alto y extremo para toda la provincia de C\u00f3rdoba.<\/p>\n<p>&nbsp;<\/p>\n<p><strong>San Esteban<\/strong><\/p>\n<p>La secretaria de Gobierno Leticia D\u00edaz asegur\u00f3 que por los incendios en esa localidad &#8220;se quemaron 5 casas en su totalidad&#8221; y que &#8220;hay viviendas afectadas en alambrados, corrales, tanques de agua, cables&#8221;.<\/p>\n<p>&#8220;Tuvimos que evacuar a todo el pueblo. Estuvimos sin luz varios d\u00edas y por ende sin agua en varias casas porque no pod\u00edan bombear.<\/p>\n<p>El panorama es desolador. En menos de 10 minutos, el pueblo se hizo de noche y empezaron a volar cenizas, no pod\u00edamos respirar. Dentro de ese caos pudimos evacuar a las familias&#8221;, a\u00f1adi\u00f3.<\/p>\n<p>Tambi\u00e9n se\u00f1al\u00f3 que no hubo que lamentar v\u00edctimas fatales, aunque las llamas afectaron a animales y el monte nativo.<\/p>\n<p>&nbsp;<\/p>\n<p><strong>Detenidos<\/strong><\/p>\n<p>El Gobierno de C\u00f3rdoba solicit\u00f3 a la Justicia que avance en las investigaciones \u201cpara dar r\u00e1pidamente con los responsables del fuego intencional\u201d y que \u201ca los detenidos les caiga todo el peso de la ley\u201d, indic\u00f3 en un comunicado oficial.<\/p>\n<p>Hasta el momento hay dos detenidos, de 31 y 19 a\u00f1os, acusados de \u201cincendio doloso\u201d, confirmaron fuentes judiciales.<\/p>\n","protected":false},"excerpt":{"rendered":"<p>Los bomberos contin\u00faan la lucha contra las llamas en distintos puntos de la Provincia. Hay cuatro incendios activos &nbsp; &nbsp; Bomberos voluntarios contin\u00faan este martes la lucha contra el fuego en distintos puntos de la provincia de C\u00f3rdoba. &nbsp; Cuatro focos activos Roberto Schreiner, vocero de la Secretar\u00eda de Gesti\u00f3n de Riesgos de C\u00f3rdoba, confirm\u00f3 que esta ma\u00f1ana est\u00e1n activos cuatro focos. &#8220;Tenemos activo el incendio de Salsacate, all\u00ed donde est\u00e1 Quebraba La Mermela, est\u00e1n trabajando aproximadamente 150 bomberos, con gente del Etac, del Plan del Fuego, Protecci\u00f3n Civil&#8221;, explic\u00f3&#8230;<\/p>\n","protected":false},"author":3,"featured_media":120413,"comment_status":"closed","ping_status":"closed","sticky":false,"template":"","format":"standard","meta":[],"categories":[2],"tags":[],"_links":{"self":[{"href":"https:\/\/www.actualidadadiario.com\/index.php\/wp-json\/wp\/v2\/posts\/120564"}],"collection":[{"href":"https:\/\/www.actualidadadiario.com\/index.php\/wp-json\/wp\/v2\/posts"}],"about":[{"href":"https:\/\/www.actualidadadiario.com\/index.php\/wp-json\/wp\/v2\/types\/post"}],"author":[{"embeddable":true,"href":"https:\/\/www.actualidadadiario.com\/index.php\/wp-json\/wp\/v2\/users\/3"}],"replies":[{"embeddable":true,"href":"https:\/\/www.actualidadadiario.com\/index.php\/wp-json\/wp\/v2\/comments?post=120564"}],"version-history":[{"count":2,"href":"https:\/\/www.actualidadadiario.com\/index.php\/wp-json\/wp\/v2\/posts\/120564\/revisions"}],"predecessor-version":[{"id":120566,"href":"https:\/\/www.actualidadadiario.com\/index.php\/wp-json\/wp\/v2\/posts\/120564\/revisions\/120566"}],"wp:featuredmedia":[{"embeddable":true,"href":"https:\/\/www.actualidadadiario.com\/index.php\/wp-json\/wp\/v2\/media\/120413"}],"wp:attachment":[{"href":"https:\/\/www.actualidadadiario.com\/index.php\/wp-json\/wp\/v2\/media?parent=120564"}],"wp:term":[{"taxonomy":"category","embeddable":true,"href":"https:\/\/www.actualidadadiario.com\/index.php\/wp-json\/wp\/v2\/categories?post=120564"},{"taxonomy":"post_tag","embeddable":true,"href":"https:\/\/www.actualidadadiario.com\/index.php\/wp-json\/wp\/v2\/tags?post=120564"}],"curies":[{"name":"wp","href":"https:\/\/api.w.org\/{rel}","templated":true}]}}