{"id":120562,"date":"2024-09-24T13:52:41","date_gmt":"2024-09-24T16:52:41","guid":{"rendered":"https:\/\/www.actualidadadiario.com\/?p=120562"},"modified":"2024-09-24T13:52:41","modified_gmt":"2024-09-24T16:52:41","slug":"cortes-de-luz-programados-aclararon-a-quienes-alcanzara","status":"publish","type":"post","link":"https:\/\/www.actualidadadiario.com\/index.php\/2024\/09\/24\/cortes-de-luz-programados-aclararon-a-quienes-alcanzara\/","title":{"rendered":"Cortes de luz programados: aclararon a qui\u00e9nes alcanzar\u00e1"},"content":{"rendered":"<p style=\"text-align: center;\"><em><strong>El secretario de Energ\u00eda, Eduardo Rodr\u00edguez Chirillo, asegur\u00f3 hoy que los cortes en el suministro de electricidad que podr\u00eda haber en el verano ser\u00e1n solo para el sector de los usuarios industriales y remarc\u00f3 el car\u00e1cter \u201cvoluntario\u201d de la adhesi\u00f3n. En este sentido, aclar\u00f3 que \u201cen ning\u00fan momento\u201d se consider\u00f3 la posibilidad de aplicarlos en los usuarios residenciales<\/strong><\/em><\/p>\n<p>&nbsp;<\/p>\n<p>&nbsp;<\/p>\n<p>&nbsp;<\/p>\n<p>Asimismo, dijo que no ten\u00eda \u201cprevisto\u201d un aumento de tarifas en los servicios de energ\u00eda el\u00e9ctrica y gas natural en octubre, pero concedi\u00f3 que si llega a haber \u201cno ser\u00e1 un incremento sustantivo\u201d y que no ir\u00eda \u201cm\u00e1s all\u00e1\u201d del aplicado en septiembre, que fue \u201cun poquito arriba de la inflaci\u00f3n\u201d.<\/p>\n<p>&nbsp;<\/p>\n<p><strong>Cr\u00edticas a gestiones anteriores<\/strong><\/p>\n<p>Rodr\u00edguez Chirillo reiter\u00f3 sus cr\u00edticas a las gestiones anteriores en el \u00e1rea de Energ\u00eda, tanto por la falta de inversi\u00f3n como por la generalizaci\u00f3n de subsidios y el desacople entre las tarifas y los costos de producci\u00f3n, razones por las que remarc\u00f3 que la Argentina se encuentra en la actualidad en estado de \u201cemergencia energ\u00e9tica\u201d.<\/p>\n<p>En apoyo a las declaraciones formuladas por el jefe de Gabinete, Guillermo Francos, el funcionario remarc\u00f3 que los cortes ser\u00e1n \u201ccon acuerdos con industrias\u201d.<\/p>\n<p>\u201cEs parte del plan que estamos elaborando desde hace un tiempo, se le ofrece a la demanda que voluntariamente quiera reducir su capacidad de contrataci\u00f3n de potencia y con eso alivianar la red\u201d, manifest\u00f3 en declaraciones a Radio Mitre.<\/p>\n<p>&nbsp;<\/p>\n<p><strong>El plan con las empresas<\/strong><\/p>\n<p>En ese sentido, puso como ejemplo \u201cuna empresa grande, que uno desde ahora le avisa que se puede ordenar, de manera que el diciembre o febrero, que no produce tanto, baja la carga y se ordena de otra manera\u201d.<\/p>\n<p>Al respecto, indic\u00f3 que para las compa\u00f1\u00edas que accedan a ese plan \u201cva a haber un esquema de remuneraci\u00f3n\u201d.<\/p>\n<p>\u201cEn ning\u00fan momento se est\u00e1 hablando de residenciales\u201d, remarc\u00f3, al tiempo que descart\u00f3 la posibilidad de volver a \u201clos cortes rotatorios del \u201888\u201d, cuando, en tiempos de la desaparecida Segba, se restringi\u00f3 el servicio el\u00e9ctrico en forma generaliza y hasta se limit\u00f3 el horario de transmisi\u00f3n de los canales de televisi\u00f3n.<\/p>\n<p>Rodr\u00edguez Chirillo puntualiz\u00f3 que el Gobierno asumi\u00f3 con \u201cun sistema (energ\u00e9tico) al borde del colapso de funcionamiento y recaudatorio\u201d y que la recomposici\u00f3n tarifaria \u201cpermiti\u00f3 cubrir el costo del suministro\u201d, pero advirti\u00f3 que las inversiones requeridas \u201ctampoco tienen un rendimiento de la noche para la ma\u00f1ana\u201d.<\/p>\n<p>En ese marco, confirm\u00f3 las gestiones con Brasil \u201cpara poder contar con la energ\u00eda que habitualmente nos brinda&#8221; ese pa\u00eds ante necesidades de la demanda local.<\/p>\n<p>&nbsp;<\/p>\n<p><strong>Las tarifas en octubre<\/strong><\/p>\n<p>En lo que respecta a los ajustes tarifarios, asegur\u00f3 que no ten\u00eda \u201cprevisto\u201d un aumento en octubre y que, si se llegara a dar \u201cnunca ser\u00eda un incremento sustantivo\u201d.<\/p>\n<p>\u201cEl \u00faltimo mes se aument\u00f3 un poquito arriba de la inflaci\u00f3n, pero de haberlo\u00a0 (en octubre) no ser\u00eda m\u00e1s all\u00e1 de eso\u201d, plante\u00f3.<\/p>\n<p>Al respecto, destac\u00f3 la importancia de haber establecido \u201cla revisi\u00f3n quinquenal tarifaria\u201d, que le permite a las distribuidoras \u201ctener previsibilidad\u201d y de esa forma \u201ccontratar con los generadores con nueva capacidad que venga\u201d para \u201cbajar el costo de generaci\u00f3n que tenemos&#8221;.<\/p>\n","protected":false},"excerpt":{"rendered":"<p>El secretario de Energ\u00eda, Eduardo Rodr\u00edguez Chirillo, asegur\u00f3 hoy que los cortes en el suministro de electricidad que podr\u00eda haber en el verano ser\u00e1n solo para el sector de los usuarios industriales y remarc\u00f3 el car\u00e1cter \u201cvoluntario\u201d de la adhesi\u00f3n. En este sentido, aclar\u00f3 que \u201cen ning\u00fan momento\u201d se consider\u00f3 la posibilidad de aplicarlos en los usuarios residenciales &nbsp; &nbsp; &nbsp; Asimismo, dijo que no ten\u00eda \u201cprevisto\u201d un aumento de tarifas en los servicios de energ\u00eda el\u00e9ctrica y gas natural en octubre, pero concedi\u00f3 que si llega a haber \u201cno&#8230;<\/p>\n","protected":false},"author":3,"featured_media":82033,"comment_status":"closed","ping_status":"closed","sticky":false,"template":"","format":"standard","meta":[],"categories":[2],"tags":[],"_links":{"self":[{"href":"https:\/\/www.actualidadadiario.com\/index.php\/wp-json\/wp\/v2\/posts\/120562"}],"collection":[{"href":"https:\/\/www.actualidadadiario.com\/index.php\/wp-json\/wp\/v2\/posts"}],"about":[{"href":"https:\/\/www.actualidadadiario.com\/index.php\/wp-json\/wp\/v2\/types\/post"}],"author":[{"embeddable":true,"href":"https:\/\/www.actualidadadiario.com\/index.php\/wp-json\/wp\/v2\/users\/3"}],"replies":[{"embeddable":true,"href":"https:\/\/www.actualidadadiario.com\/index.php\/wp-json\/wp\/v2\/comments?post=120562"}],"version-history":[{"count":1,"href":"https:\/\/www.actualidadadiario.com\/index.php\/wp-json\/wp\/v2\/posts\/120562\/revisions"}],"predecessor-version":[{"id":120563,"href":"https:\/\/www.actualidadadiario.com\/index.php\/wp-json\/wp\/v2\/posts\/120562\/revisions\/120563"}],"wp:featuredmedia":[{"embeddable":true,"href":"https:\/\/www.actualidadadiario.com\/index.php\/wp-json\/wp\/v2\/media\/82033"}],"wp:attachment":[{"href":"https:\/\/www.actualidadadiario.com\/index.php\/wp-json\/wp\/v2\/media?parent=120562"}],"wp:term":[{"taxonomy":"category","embeddable":true,"href":"https:\/\/www.actualidadadiario.com\/index.php\/wp-json\/wp\/v2\/categories?post=120562"},{"taxonomy":"post_tag","embeddable":true,"href":"https:\/\/www.actualidadadiario.com\/index.php\/wp-json\/wp\/v2\/tags?post=120562"}],"curies":[{"name":"wp","href":"https:\/\/api.w.org\/{rel}","templated":true}]}}