{"id":120550,"date":"2024-09-24T13:47:42","date_gmt":"2024-09-24T16:47:42","guid":{"rendered":"https:\/\/www.actualidadadiario.com\/?p=120550"},"modified":"2024-09-24T13:47:42","modified_gmt":"2024-09-24T16:47:42","slug":"crisis-2-259-personas-por-dia-se-quedaron-sin-empleo-en-el-primer-semestre","status":"publish","type":"post","link":"https:\/\/www.actualidadadiario.com\/index.php\/2024\/09\/24\/crisis-2-259-personas-por-dia-se-quedaron-sin-empleo-en-el-primer-semestre\/","title":{"rendered":"Crisis: 2.259 personas por d\u00eda se quedaron sin empleo en el primer semestre"},"content":{"rendered":"<p style=\"text-align: center;\"><em><strong>En el primer tramo de la Presidencia de Javier Milei hubo 406.589 nuevos desocupados. M\u00e1s jefes de hogar no tienen trabajo, lo que afecta la cobertura social del grupo familiar<\/strong><\/em><\/p>\n<p>&nbsp;<\/p>\n<p>&nbsp;<\/p>\n<p>Un informe arroj\u00f3 que en Argentina hubo 2.259 nuevos desocupados por d\u00eda durante el primer semestre del a\u00f1o. La situaci\u00f3n est\u00e1 acompa\u00f1ada de un deterioro general en las condiciones laborales, m\u00e1s all\u00e1 de la tasa de desempleo.<\/p>\n<p>&nbsp;<\/p>\n<p><strong>Desempleo en Argentina<\/strong><\/p>\n<p>Los \u00faltimos datos oficiales del mercado laboral dejaron lugar para varios an\u00e1lisis seg\u00fan el per\u00edodo que se elija para realizar las comparaciones, ya que, por ejemplo, hubo creaci\u00f3n de empleo en el segundo trimestre de 2024 respecto del mismo per\u00edodo de 2023, pero se destruyeron puestos de trabajo si se toma como punto de partida el cuarto trimestre del a\u00f1o pasado.<\/p>\n<p>Pero de los informes llevados a cabo por el Observatorio de la Deuda Social de la Universidad Cat\u00f3lica Argentina (UCA) y del Instituto de Pensamiento y Pol\u00edticas P\u00fablicas (Ipypp) se desprende que en el primer tramo de la Presidencia de Javier Milei hubo un deterioro en las condiciones laborales que van m\u00e1s all\u00e1 de los porcentajes de la tasa de desempleo.<\/p>\n<p>Esa situaci\u00f3n qued\u00f3 puesta de relieve en el contraste que el IPyPP hizo entre los primeros seis meses de 2024 tanto en la comparaci\u00f3n interanual como respecto al cuarto trimestre de 2023, es decir el inicio de la gesti\u00f3n del presidente Milei.<\/p>\n<p>&nbsp;<\/p>\n<p><strong>Cada 38 segundos, un desocupado m\u00e1s<\/strong><\/p>\n<p>En el primer caso, la cantidad de desocupados se increment\u00f3 en 333.562 personas, a raz\u00f3n de 913,8 nuevos desocupados por d\u00eda, pero si se toma solo al primer semestre de 2024 el aumento de los desempleados ascendi\u00f3 a 406.589 casos, lo que representa un incremento diario de 2.258,8 individuos o, si se prefiere, un nuevo desocupado cada 38 segundos.<\/p>\n<p>El 19 de septiembre, el Instituto Nacional de Estad\u00edstica y Censos (Indec) dio a conocer los datos del mercado laboral del segundo trimestre, con una tasa de desocupaci\u00f3n del 7,6%, mayor al 6,2% del mismo per\u00edodo del a\u00f1o pasado pero levemente inferior respecto del 7,7% del per\u00edodo enero-marzo de 2024.<\/p>\n<p>Por otra parte, la UCA advirti\u00f3 que en el primer semestre de 2024 \u201cse observa un leve cambio de composici\u00f3n en el perfil de las personas desocupadas\u201d, con un incremento de la proporci\u00f3n de desocupados provenientes del sector estatal y, principalmente, un mayor porcentaje dentro de esa condici\u00f3n de jefes de hogar.<\/p>\n<p>&nbsp;<\/p>\n<p><strong>Estatales y jefes de hogar<\/strong><\/p>\n<p>Los cesanteados estatales pasaron de ser el 3% en el segundo trimestre de 2023 al 4,4% en los dos primeros trimestres del a\u00f1o en curso, en tanto el peso relativo de los jefes de hogar dentro del total de desocupados, que representaba el 28,4% en el segundo trimestre del a\u00f1o pasado, se elev\u00f3 al 32,5% y al 29,3% en el primero y segundo de 2024, respectivamente.<\/p>\n<p>El an\u00e1lisis del equipo de investigaci\u00f3n liderado por Agust\u00edn Salvia consider\u00f3 que \u201cesta situaci\u00f3n expresa una relativa gravedad, ya que los reconocidos como jefes por los integrantes del hogar suelen tener, en general, un ingreso mayor que el resto\u201d.<\/p>\n<p>Pero el problema principal, continu\u00f3 la UCA, obedece a que desde los jefes de hogar \u201cse arman las relaciones de parentesco\u201d a trav\u00e9s de las que \u201cse suele tener acceso al sistema de salud y seguridad social proveniente del trabajo registrado\u201d, es decir que, a los inconvenientes propios de quedarse sin trabajo, se le a\u00f1ade el deterioro en la cobertura m\u00e9dico-asistencial.<\/p>\n<p>&nbsp;<\/p>\n<p><strong>M\u00e1s informalidad<\/strong><\/p>\n<p>En la investigaci\u00f3n del IPyPP, elaborada por el exdiputado Claudio Lozano y Ana y Javier Rameri, se advirti\u00f3 adem\u00e1s que \u201cel indicador de la desocupaci\u00f3n hace tiempo que ha dejado de ser el term\u00f3metro estrella del malestar laboral\u201d.<\/p>\n<p>\u201cLa falta de una protecci\u00f3n adecuada para afrontar situaciones de cese laboral, genera que la permanencia en situaci\u00f3n de desempleo sea imposible para quien quiera subsistir\u201d y, en consecuencia, \u201cel vasto campo de la informalidad es, en realidad, la alternativa que exige a cambio resignar ingresos, derechos y garant\u00edas\u201d.<\/p>\n<p>En ese sentido, los economistas expresaron que \u201cni siquiera un trabajo a tiempo parcial con un recibo sueldo que pague la mitad de un salario m\u00ednimo por debajo de la l\u00ednea de indigencia puede llegar a considerarse un trabajo formal\u201d, generando como evidencia el nuevo fen\u00f3meno de \u201cel trabajador asalariado registrado y pobre\u201d.<\/p>\n<p>En base a los indicadores disponibles, la UCA plante\u00f3 que hubo \u201cun estancamiento o un leve empeoramiento de las ya adversas condiciones de trabajo de la poblaci\u00f3n\u201d, en la que se mantuvo estable la proporci\u00f3n de ocupados que buscan cambiar de trabajo, \u201cen valores cercanos al 16%\u201d, aunque tambi\u00e9n \u201cun incremento (al 11,8%) de la proporci\u00f3n de trabajadores que trabajan menos de 35 horas semanales y tienen intenci\u00f3n de trabajar m\u00e1s\u201d.<\/p>\n<p>Como s\u00edntesis del panorama laboral del primer semestre, el equipo coordinado por Lozano concluy\u00f3 que \u201cse quiebra la ley liberal\u201d, debido a que \u201cel salario privado formal cay\u00f3 6% en el \u00faltimo a\u00f1o y un 4,7% en los \u00faltimos meses -b\u00e1sicamente el \u00fanico precio de la econom\u00eda que se desplom\u00f3- y, sin embargo, la demanda de empleo, que el mercado autorregular\u00eda, no aument\u00f3 ni un cent\u00edmetro o en todo caso cae\u201d.<\/p>\n","protected":false},"excerpt":{"rendered":"<p>En el primer tramo de la Presidencia de Javier Milei hubo 406.589 nuevos desocupados. M\u00e1s jefes de hogar no tienen trabajo, lo que afecta la cobertura social del grupo familiar &nbsp; &nbsp; Un informe arroj\u00f3 que en Argentina hubo 2.259 nuevos desocupados por d\u00eda durante el primer semestre del a\u00f1o. La situaci\u00f3n est\u00e1 acompa\u00f1ada de un deterioro general en las condiciones laborales, m\u00e1s all\u00e1 de la tasa de desempleo. &nbsp; Desempleo en Argentina Los \u00faltimos datos oficiales del mercado laboral dejaron lugar para varios an\u00e1lisis seg\u00fan el per\u00edodo que se&#8230;<\/p>\n","protected":false},"author":3,"featured_media":115323,"comment_status":"closed","ping_status":"closed","sticky":false,"template":"","format":"standard","meta":[],"categories":[9],"tags":[],"_links":{"self":[{"href":"https:\/\/www.actualidadadiario.com\/index.php\/wp-json\/wp\/v2\/posts\/120550"}],"collection":[{"href":"https:\/\/www.actualidadadiario.com\/index.php\/wp-json\/wp\/v2\/posts"}],"about":[{"href":"https:\/\/www.actualidadadiario.com\/index.php\/wp-json\/wp\/v2\/types\/post"}],"author":[{"embeddable":true,"href":"https:\/\/www.actualidadadiario.com\/index.php\/wp-json\/wp\/v2\/users\/3"}],"replies":[{"embeddable":true,"href":"https:\/\/www.actualidadadiario.com\/index.php\/wp-json\/wp\/v2\/comments?post=120550"}],"version-history":[{"count":1,"href":"https:\/\/www.actualidadadiario.com\/index.php\/wp-json\/wp\/v2\/posts\/120550\/revisions"}],"predecessor-version":[{"id":120551,"href":"https:\/\/www.actualidadadiario.com\/index.php\/wp-json\/wp\/v2\/posts\/120550\/revisions\/120551"}],"wp:featuredmedia":[{"embeddable":true,"href":"https:\/\/www.actualidadadiario.com\/index.php\/wp-json\/wp\/v2\/media\/115323"}],"wp:attachment":[{"href":"https:\/\/www.actualidadadiario.com\/index.php\/wp-json\/wp\/v2\/media?parent=120550"}],"wp:term":[{"taxonomy":"category","embeddable":true,"href":"https:\/\/www.actualidadadiario.com\/index.php\/wp-json\/wp\/v2\/categories?post=120550"},{"taxonomy":"post_tag","embeddable":true,"href":"https:\/\/www.actualidadadiario.com\/index.php\/wp-json\/wp\/v2\/tags?post=120550"}],"curies":[{"name":"wp","href":"https:\/\/api.w.org\/{rel}","templated":true}]}}