{"id":120548,"date":"2024-09-24T10:37:38","date_gmt":"2024-09-24T13:37:38","guid":{"rendered":"https:\/\/www.actualidadadiario.com\/?p=120548"},"modified":"2024-09-24T10:37:38","modified_gmt":"2024-09-24T13:37:38","slug":"permanece-un-alerta-amarillo-por-tormentas-en-el-norte-de-entre-rios","status":"publish","type":"post","link":"https:\/\/www.actualidadadiario.com\/index.php\/2024\/09\/24\/permanece-un-alerta-amarillo-por-tormentas-en-el-norte-de-entre-rios\/","title":{"rendered":"Permanece un alerta amarillo por tormentas en el norte de Entre R\u00edos"},"content":{"rendered":"<p style=\"text-align: center;\"><em><strong>El Servicio Meteorol\u00f3gico Nacional \u2013SMN\u2013 informa que este martes 24 de septiembre permanece un alerta amarillo por tormentas solamente en el norte de Entre R\u00edos. El fen\u00f3meno m\u00e1s fuerte se dar\u00eda durante la ma\u00f1ana y, luego, mejorar\u00edan las condiciones<\/strong><\/em><\/p>\n<p>&nbsp;<\/p>\n<p>&nbsp;<\/p>\n<p>&nbsp;<\/p>\n<p>En el resto de la provincia se esperan posibles lluvias y tormentas aisladas durante la ma\u00f1ana, aunque se debilitan los frentes de inestabilidades. Hacia la tarde y la noche de hoy se prev\u00e9 una menor nubosidad, con baja probabilidades de lluvias.<\/p>\n<p>Si bien para este mi\u00e9rcoles de madrugada podr\u00edan volver algunas tormentas aisladas en la provincia, lo cierto es que el pron\u00f3stico anticipa para ma\u00f1ana una mejora progresiva de las condiciones del tiempo. Con ayuda del viento sur, se ir\u00e1 limpiando el cielo hacia el jueves.<\/p>\n<p>&nbsp;<\/p>\n<p><strong>Alerta amarillo en el norte de Entre R\u00edos<\/strong><\/p>\n<p>Concordia, Federal, Feliciano, Federaci\u00f3n y San Salvador son los \u00fanicos cinco departamentos bajo alerta amarillo. El nivel de intensidad, incluso, ya baj\u00f3. La advertencia es para este martes de ma\u00f1ana y para este mi\u00e9rcoles de madrugada.<\/p>\n<p>El \u00e1rea ser\u00e1 afectada por tormentas fuertes. Las mismas estar\u00e1n acompa\u00f1adas por ca\u00edda de granizo, intensa actividad el\u00e9ctrica, abundante ca\u00edda de agua en cortos per\u00edodos, y r\u00e1fagas intensas. Se estiman valores de precipitaci\u00f3n acumulada entre 20 y 50 mm, pudiendo ser superados de forma local.<\/p>\n","protected":false},"excerpt":{"rendered":"<p>El Servicio Meteorol\u00f3gico Nacional \u2013SMN\u2013 informa que este martes 24 de septiembre permanece un alerta amarillo por tormentas solamente en el norte de Entre R\u00edos. El fen\u00f3meno m\u00e1s fuerte se dar\u00eda durante la ma\u00f1ana y, luego, mejorar\u00edan las condiciones &nbsp; &nbsp; &nbsp; En el resto de la provincia se esperan posibles lluvias y tormentas aisladas durante la ma\u00f1ana, aunque se debilitan los frentes de inestabilidades. Hacia la tarde y la noche de hoy se prev\u00e9 una menor nubosidad, con baja probabilidades de lluvias. Si bien para este mi\u00e9rcoles de madrugada&#8230;<\/p>\n","protected":false},"author":3,"featured_media":119272,"comment_status":"closed","ping_status":"closed","sticky":false,"template":"","format":"standard","meta":[],"categories":[15],"tags":[],"_links":{"self":[{"href":"https:\/\/www.actualidadadiario.com\/index.php\/wp-json\/wp\/v2\/posts\/120548"}],"collection":[{"href":"https:\/\/www.actualidadadiario.com\/index.php\/wp-json\/wp\/v2\/posts"}],"about":[{"href":"https:\/\/www.actualidadadiario.com\/index.php\/wp-json\/wp\/v2\/types\/post"}],"author":[{"embeddable":true,"href":"https:\/\/www.actualidadadiario.com\/index.php\/wp-json\/wp\/v2\/users\/3"}],"replies":[{"embeddable":true,"href":"https:\/\/www.actualidadadiario.com\/index.php\/wp-json\/wp\/v2\/comments?post=120548"}],"version-history":[{"count":1,"href":"https:\/\/www.actualidadadiario.com\/index.php\/wp-json\/wp\/v2\/posts\/120548\/revisions"}],"predecessor-version":[{"id":120549,"href":"https:\/\/www.actualidadadiario.com\/index.php\/wp-json\/wp\/v2\/posts\/120548\/revisions\/120549"}],"wp:featuredmedia":[{"embeddable":true,"href":"https:\/\/www.actualidadadiario.com\/index.php\/wp-json\/wp\/v2\/media\/119272"}],"wp:attachment":[{"href":"https:\/\/www.actualidadadiario.com\/index.php\/wp-json\/wp\/v2\/media?parent=120548"}],"wp:term":[{"taxonomy":"category","embeddable":true,"href":"https:\/\/www.actualidadadiario.com\/index.php\/wp-json\/wp\/v2\/categories?post=120548"},{"taxonomy":"post_tag","embeddable":true,"href":"https:\/\/www.actualidadadiario.com\/index.php\/wp-json\/wp\/v2\/tags?post=120548"}],"curies":[{"name":"wp","href":"https:\/\/api.w.org\/{rel}","templated":true}]}}