{"id":120546,"date":"2024-09-24T10:37:04","date_gmt":"2024-09-24T13:37:04","guid":{"rendered":"https:\/\/www.actualidadadiario.com\/?p=120546"},"modified":"2024-09-24T10:37:04","modified_gmt":"2024-09-24T13:37:04","slug":"necesitamos-una-propuesta-que-recomponga-el-salario-reiteran-desde-agmer","status":"publish","type":"post","link":"https:\/\/www.actualidadadiario.com\/index.php\/2024\/09\/24\/necesitamos-una-propuesta-que-recomponga-el-salario-reiteran-desde-agmer\/","title":{"rendered":"\u201cNecesitamos una propuesta que recomponga el salario\u201d, reiteran desde Agmer"},"content":{"rendered":"<p style=\"text-align: center;\"><em><strong>\u201cNo queremos montos en negro. Esto se resuelve con plata, con propuestas que recompongan los salarios. En los nueve meses del gobierno de Milei y Frigerio, la p\u00e9rdida de los salarios ha sido escandalosa\u201d, dijo el dirigente Guillermo Zampedri<\/strong><\/em><\/p>\n<p>&nbsp;<\/p>\n<p>&nbsp;<\/p>\n<p>El secretario gremial de la Asociaci\u00f3n Gremial del Magisterio de Entre R\u00edos (Agmer), Guillermo Zampedri, se pronunci\u00f3 sobre la situaci\u00f3n salarial de los docentes y enfatiz\u00f3 el gremio \u201ctiene voluntad de di\u00e1logo. Pero necesitamos una propuesta que recomponga el salario, que vaya a activos y jubilados\u201d.<\/p>\n<p>\u201cNo diferenciamos entre activos y jubilados. Hablamos de trabajadores de la educaci\u00f3n\u201d, declar\u00f3.<\/p>\n<p>Adem\u00e1s, critic\u00f3 las propuestas del gobierno: \u201cNo queremos montos en negro. Todo monto en negro no le llega a los jubilados, desfinancia a la Caja, y esto ocurre en tiempos en que se aumentan los aportes. Parece un chiste\u201d.<\/p>\n<p>Zampedri hizo un llamado a la urgencia de la situaci\u00f3n: \u201cEsto se resuelve con plata. Se destraba con plata, con propuestas que recompongan los salarios. En los nueve meses del gobierno de Milei y Frigerio, la p\u00e9rdida de los salarios ha sido escandalosa\u201d.<\/p>\n<p>&nbsp;<\/p>\n<p><strong>Cr\u00edticas a la propuesta del Gobierno<\/strong><\/p>\n<p>En relaci\u00f3n a la propuesta presentada por el Gobierno el viernes, Zampedri no dud\u00f3 en calificarla como insuficiente. \u201cEso no es una propuesta. Querer pagar $32 mil en negro sobre lo que se hab\u00eda rechazado por ampl\u00edsima mayor\u00eda en el congreso de Agmer no es propuesta\u201d, asegur\u00f3.<\/p>\n<p>Adem\u00e1s, destac\u00f3 que la paritaria nacional anterior actualiz\u00f3 el Fondo de Incentivo Docente en $28,700, mientras que la inflaci\u00f3n ha alcanzado un 207%. \u201c\u00bfTe parece que se puede recomponer el Fonid $32 mil, con inflaci\u00f3n del 207%? Seamos serios\u201d, cuestion\u00f3 durante el programa radio Puro Cuento.<\/p>\n<p>Zampedri tambi\u00e9n hizo referencia a los legisladores que no comprenden la situaci\u00f3n de los docentes. \u201cLe voy a explicar a ese diputado\u201d, dijo, aludiendo a Marcelo L\u00f3pez, presidente de la Comisi\u00f3n de Legislaci\u00f3n General. \u201cNo s\u00e9 c\u00f3mo se llama. La realidad es esta\u201d, agreg\u00f3, cuestionando su falta de conocimiento sobre el tema.<\/p>\n<p>&nbsp;<\/p>\n<p><strong>Fracaso en la negociaci\u00f3n<\/strong><\/p>\n<p>El secretario gremial reconoci\u00f3 que la negociaci\u00f3n se torn\u00f3 complicada. \u201cCreo que es la primera vez que una negociaci\u00f3n en el marco de una conciliaci\u00f3n judicial fracasa. Nosotros planteamos recomponer verdaderamente el salario de los trabajadores\u201d, manifest\u00f3.<\/p>\n<p>Zampedri explic\u00f3 que, a pesar de las reuniones, no se lleg\u00f3 a un acuerdo satisfactorio. \u201cEn los \u00faltimos d\u00edas se concret\u00f3 una oferta que en la mayor\u00eda de los departamentos consideraron que no era suficiente. Rechazaron 13 departamentos y aceptaron 4\u201d, coment\u00f3.<\/p>\n<p>Finalmente, advirti\u00f3 sobre el impacto de la propuesta en los salarios m\u00e1s bajos. \u201cPara los cargos m\u00e1s bajos del escalaf\u00f3n, la oferta no llega a cubrir los $40 mil que era la suma en negro. Muchos compa\u00f1eros cobrar\u00edan menos que el mes anterior con esta propuesta. Por eso se rechaz\u00f3\u201d, concluy\u00f3.<\/p>\n","protected":false},"excerpt":{"rendered":"<p>\u201cNo queremos montos en negro. Esto se resuelve con plata, con propuestas que recompongan los salarios. En los nueve meses del gobierno de Milei y Frigerio, la p\u00e9rdida de los salarios ha sido escandalosa\u201d, dijo el dirigente Guillermo Zampedri &nbsp; &nbsp; El secretario gremial de la Asociaci\u00f3n Gremial del Magisterio de Entre R\u00edos (Agmer), Guillermo Zampedri, se pronunci\u00f3 sobre la situaci\u00f3n salarial de los docentes y enfatiz\u00f3 el gremio \u201ctiene voluntad de di\u00e1logo. Pero necesitamos una propuesta que recomponga el salario, que vaya a activos y jubilados\u201d. \u201cNo diferenciamos entre&#8230;<\/p>\n","protected":false},"author":3,"featured_media":120250,"comment_status":"closed","ping_status":"closed","sticky":false,"template":"","format":"standard","meta":[],"categories":[15],"tags":[],"_links":{"self":[{"href":"https:\/\/www.actualidadadiario.com\/index.php\/wp-json\/wp\/v2\/posts\/120546"}],"collection":[{"href":"https:\/\/www.actualidadadiario.com\/index.php\/wp-json\/wp\/v2\/posts"}],"about":[{"href":"https:\/\/www.actualidadadiario.com\/index.php\/wp-json\/wp\/v2\/types\/post"}],"author":[{"embeddable":true,"href":"https:\/\/www.actualidadadiario.com\/index.php\/wp-json\/wp\/v2\/users\/3"}],"replies":[{"embeddable":true,"href":"https:\/\/www.actualidadadiario.com\/index.php\/wp-json\/wp\/v2\/comments?post=120546"}],"version-history":[{"count":1,"href":"https:\/\/www.actualidadadiario.com\/index.php\/wp-json\/wp\/v2\/posts\/120546\/revisions"}],"predecessor-version":[{"id":120547,"href":"https:\/\/www.actualidadadiario.com\/index.php\/wp-json\/wp\/v2\/posts\/120546\/revisions\/120547"}],"wp:featuredmedia":[{"embeddable":true,"href":"https:\/\/www.actualidadadiario.com\/index.php\/wp-json\/wp\/v2\/media\/120250"}],"wp:attachment":[{"href":"https:\/\/www.actualidadadiario.com\/index.php\/wp-json\/wp\/v2\/media?parent=120546"}],"wp:term":[{"taxonomy":"category","embeddable":true,"href":"https:\/\/www.actualidadadiario.com\/index.php\/wp-json\/wp\/v2\/categories?post=120546"},{"taxonomy":"post_tag","embeddable":true,"href":"https:\/\/www.actualidadadiario.com\/index.php\/wp-json\/wp\/v2\/tags?post=120546"}],"curies":[{"name":"wp","href":"https:\/\/api.w.org\/{rel}","templated":true}]}}