{"id":120544,"date":"2024-09-24T10:36:25","date_gmt":"2024-09-24T13:36:25","guid":{"rendered":"https:\/\/www.actualidadadiario.com\/?p=120544"},"modified":"2024-09-24T10:36:25","modified_gmt":"2024-09-24T13:36:25","slug":"el-senado-continuara-el-debate-por-el-proyecto-del-ente-mixto-de-turismo-provincial-2","status":"publish","type":"post","link":"https:\/\/www.actualidadadiario.com\/index.php\/2024\/09\/24\/el-senado-continuara-el-debate-por-el-proyecto-del-ente-mixto-de-turismo-provincial-2\/","title":{"rendered":"El Senado continuar\u00e1 el debate por el proyecto del Ente Mixto de Turismo provincial"},"content":{"rendered":"<p style=\"text-align: center;\"><em><strong>La Comisi\u00f3n de Presupuesto y Hacienda realizar\u00e1 el segundo encuentro de la iniciativa que tiene como objetivo dise\u00f1ar y ejecutar pol\u00edticas y programas de desarrollo, fomento y promoci\u00f3n del turismo como actividad econ\u00f3mica estrat\u00e9gica. Fueron invitados el Secretario de Turismo y el Director General de Turismo<\/strong><\/em><\/p>\n<p>&nbsp;<\/p>\n<p>&nbsp;<\/p>\n<p>Este martes la Comisi\u00f3n de Presupuesto y Hacienda llevar\u00e1 a cabo un nuevo encuentro sobre el proyecto del Ente Mixto de Turismo provincial a partir de las 10. El proyecto consta de 13 cap\u00edtulos y 24 art\u00edculos con el objeto de dise\u00f1ar y ejecutar pol\u00edticas y programas de desarrollo, fomento y promoci\u00f3n del turismo como actividad econ\u00f3mica estrat\u00e9gica de la Provincia.<\/p>\n<p>En el \u00faltimo encuentro, Los senadores del bloque Juntos por Entre R\u00edos, Ramiro Favre y Rub\u00e9n Dal Mol\u00edn, enfatizaron en \u201cla modernizaci\u00f3n que es necesaria en estos tiempos para el turismo\u201d. Dal Mol\u00edn resalt\u00f3 la idea que contiene el proyecto de \u201chacer la discusi\u00f3n participativa y eficaz\u201d, al tiempo que adelant\u00f3 que habr\u00e1 reuniones de esta instancia de estudio en varios puntos de la provincia, \u201cporque en cada rinc\u00f3n de Entre r\u00edos hay algo para ofrecer. Se trata de lograr una herramienta para fortalecer y potenciar\u201d<\/p>\n<p>En el proyecto se transfieren las responsabilidades primarias, objetivos y acciones, patrimonio, presupuesto y recursos humanos con sus respectivos niveles y Grados Escalafonarios vigentes a la fecha de sanci\u00f3n de la presente ley, al \u00e1mbito del Ente Mixto de Turismo de la Provincia de Entre R\u00edos de las \u00e1reas\u00a0 y dependencias que se enumeran a continuaci\u00f3n: Secretar\u00eda de Turismo y dem\u00e1s \u00e1reas organizativas dependientes de la misma y\/o las que se dispongan a futuro.<\/p>\n<p>Al respecto, el secretario de Turismo que volver\u00e1 a estar como invitado este martes hab\u00eda manifestado desarrollar en la provincia un modelo de gesti\u00f3n que tome ejemplos de centros que son exitosos, como Mendoza, C\u00f3rdoba o Bariloche. Asimismo mencion\u00f3 que la ciudad de Paran\u00e1, \u201ctuvo un antes y un despu\u00e9s\u201d cuando constituy\u00f3 un espacio en el que confluyeron esfuerzos del Estado y privados.<\/p>\n<p>\u201cNo es el Estado el prestador del servicio, sino que es el sector privado el que da el servicio de turismo y hay que apuntalarlo para que tenga calidad\u201d, explic\u00f3, para sumar que al turismo \u201clo entendemos como una actividad econ\u00f3mica con numerosas aristas\u201d.<\/p>\n<p>En caso de aprobarse, el Ente estar\u00e1 conformado por un Directorio como \u00f3rgano colegiado de Gobierno, una Secretar\u00eda Ejecutiva como \u00f3rgano de administraci\u00f3n y gesti\u00f3n a cargo del vicepresidente del Ente, y una Comisi\u00f3n Fiscalizadora como \u00f3rgano de control de legalidad y resultados. Contar\u00e1 con un Directorio, integrado por el presidente, un vicepresidente y catorce (14) miembros vocales; cinco (5) de ellos pertenecientes al Poder Ejecutivo, dos (2) del Poder Legislativo de Entre R\u00edos, cinco (5) son representantes del sector privado tur\u00edstico de la provincia y dos (2) representantes del sector acad\u00e9mico y profesional.<\/p>\n","protected":false},"excerpt":{"rendered":"<p>La Comisi\u00f3n de Presupuesto y Hacienda realizar\u00e1 el segundo encuentro de la iniciativa que tiene como objetivo dise\u00f1ar y ejecutar pol\u00edticas y programas de desarrollo, fomento y promoci\u00f3n del turismo como actividad econ\u00f3mica estrat\u00e9gica. Fueron invitados el Secretario de Turismo y el Director General de Turismo &nbsp; &nbsp; Este martes la Comisi\u00f3n de Presupuesto y Hacienda llevar\u00e1 a cabo un nuevo encuentro sobre el proyecto del Ente Mixto de Turismo provincial a partir de las 10. El proyecto consta de 13 cap\u00edtulos y 24 art\u00edculos con el objeto de dise\u00f1ar&#8230;<\/p>\n","protected":false},"author":3,"featured_media":99245,"comment_status":"closed","ping_status":"closed","sticky":false,"template":"","format":"standard","meta":[],"categories":[15],"tags":[],"_links":{"self":[{"href":"https:\/\/www.actualidadadiario.com\/index.php\/wp-json\/wp\/v2\/posts\/120544"}],"collection":[{"href":"https:\/\/www.actualidadadiario.com\/index.php\/wp-json\/wp\/v2\/posts"}],"about":[{"href":"https:\/\/www.actualidadadiario.com\/index.php\/wp-json\/wp\/v2\/types\/post"}],"author":[{"embeddable":true,"href":"https:\/\/www.actualidadadiario.com\/index.php\/wp-json\/wp\/v2\/users\/3"}],"replies":[{"embeddable":true,"href":"https:\/\/www.actualidadadiario.com\/index.php\/wp-json\/wp\/v2\/comments?post=120544"}],"version-history":[{"count":1,"href":"https:\/\/www.actualidadadiario.com\/index.php\/wp-json\/wp\/v2\/posts\/120544\/revisions"}],"predecessor-version":[{"id":120545,"href":"https:\/\/www.actualidadadiario.com\/index.php\/wp-json\/wp\/v2\/posts\/120544\/revisions\/120545"}],"wp:featuredmedia":[{"embeddable":true,"href":"https:\/\/www.actualidadadiario.com\/index.php\/wp-json\/wp\/v2\/media\/99245"}],"wp:attachment":[{"href":"https:\/\/www.actualidadadiario.com\/index.php\/wp-json\/wp\/v2\/media?parent=120544"}],"wp:term":[{"taxonomy":"category","embeddable":true,"href":"https:\/\/www.actualidadadiario.com\/index.php\/wp-json\/wp\/v2\/categories?post=120544"},{"taxonomy":"post_tag","embeddable":true,"href":"https:\/\/www.actualidadadiario.com\/index.php\/wp-json\/wp\/v2\/tags?post=120544"}],"curies":[{"name":"wp","href":"https:\/\/api.w.org\/{rel}","templated":true}]}}