{"id":120540,"date":"2024-09-24T10:35:02","date_gmt":"2024-09-24T13:35:02","guid":{"rendered":"https:\/\/www.actualidadadiario.com\/?p=120540"},"modified":"2024-09-24T10:35:02","modified_gmt":"2024-09-24T13:35:02","slug":"tras-la-quita-de-subsidios-en-facturas-de-luz-asambleas-de-vecinos-se-manifestaran-en-la-provincia","status":"publish","type":"post","link":"https:\/\/www.actualidadadiario.com\/index.php\/2024\/09\/24\/tras-la-quita-de-subsidios-en-facturas-de-luz-asambleas-de-vecinos-se-manifestaran-en-la-provincia\/","title":{"rendered":"Tras la quita de subsidios en facturas de luz, asambleas de vecinos se manifestar\u00e1n en la provincia"},"content":{"rendered":"<p style=\"text-align: center;\"><em><strong>Desde febrero de 2023, en ocho ciudades entrerrianas se conformaron asambleas populares ante los costos altos en electricidad. Ma\u00f1ana se movilizan<\/strong><\/em><\/p>\n<p>&nbsp;<\/p>\n<p>&nbsp;<\/p>\n<p>Asambleas de vecinos de distintas ciudades de Entre R\u00edos vuelven a autoconvocarse en espacios p\u00fablicos en contra de la quita de los subsidios en las tarifas de la electricidad. Fundamentan que, en las facturas de luz hab\u00eda 63% de impuestos, de los cuales el 25% de ellos constitu\u00edan las tasas municipales.<\/p>\n<p>Daniel Ruhl, referente de la Asamblea popular contra los tarifazos de la ciudad de Paran\u00e1, explic\u00f3: \u201cHablamos con diputados provinciales, para procurar una ley de quita de tasas sobre una propuesta del diputado Carlos Damasco. En medio de esto, sale la resoluci\u00f3n de la Secretar\u00eda de Comercio e Industria de la Naci\u00f3n sobre la prohibici\u00f3n de incluir tasas en la factura de servicios. Nosotros hemos procurado por nota una audiencia con la intendente Rosario Romero, sin \u00e9xito as\u00ed como habilitar una Comisi\u00f3n Ad Hoc del Concejo Deliberante aprobada en 2023, por la cual, mediante la Ordenanza N\u00b0 10.099 se quitan las tasas municipales en la boleta de la luz y se crea la comisi\u00f3n con representaci\u00f3n ciudadana, donde discutir\u00edamos el componente impositivo municipal en la luz, lo que tampoco ocurri\u00f3\u201d.<\/p>\n<p>&nbsp;<\/p>\n<p><strong>Asambleas en red<\/strong><\/p>\n<p>\u201cEn marzo los concejales de Juntos por Entre R\u00edos presentaron un proyecto de ordenanza de quita de tasas sobre la luz, pero tampoco tuvieron el acompa\u00f1amiento del oficialismo. Lo que se procura ahora, es quitar las tasas de la factura y bajar su impacto sobre el costo de la factura. No pretendemos que no se pague tasas, pero s\u00ed que se paguen en forma adecuada al costo de una contraprestaci\u00f3n claramente determinada\u201d, explic\u00f3 Ruhl.<\/p>\n<p>Asimismo, agreg\u00f3: \u201cPara obtener el espacio de Voz y Participaci\u00f3n Ciudadana en el recinto del municipio, pedimos esa instituci\u00f3n ya en mayo, sin respuesta. Ahora, nos convocamos en la Plaza 1\u00b0 de Mayo el mi\u00e9rcoles a las 19\u201d.<\/p>\n<p>Desde febrero de 2023, cuando los valores de la electricidad llegaron a subir hasta un 400% en la provincia, los vecinos comenzaron a agruparse en asambleas. As\u00ed sucedi\u00f3 en Paran\u00e1, Concepci\u00f3n del Uruguay, Feliciano, Federaci\u00f3n, Islas, Concordia, Viale, La Paz y Col\u00f3n. Todos los espacios conforman una red provincial que est\u00e1 en permanente contacto: \u201cCuando pensamos acciones o nos reunimos con legisladores, todas las asambleas est\u00e1n sabiendo\u201d. En este sentido, indic\u00f3 que ma\u00f1ana se realizar\u00e1n acciones de visibilizaci\u00f3n en distintos puntos de la provincia.<\/p>\n<p>&nbsp;<\/p>\n<p><strong>Gestiones que se llevan adelante<\/strong><\/p>\n<p>El referente del espacio de la capital provincial dijo a este medio: \u201cNuestro reclamo viene desde febrero 2023. Hay un proyecto nacional con media sanci\u00f3n del Senado, autor\u00eda de Edgardo Kueider, que propende a la quita de las tasas, de IVA y el aumento de regal\u00edas por Salto Grande\u201d.<\/p>\n<p>Haciendo un repaso por algunas de las medidas que los diferentes estamentos estatales vienen tomando con el fin de disminuir el costo de la energ\u00eda para los usuarios, Ruhl record\u00f3 que el gobierno provincial desde 2023 \u201cviene suspendiendo el impuesto que crea el Fondo de Desarrollo Energ\u00e9tico de Entre R\u00edos (Fedeer). Lo hizo Bordet y ahora tambi\u00e9n Frigerio\u201d.<\/p>\n<p>A su vez, \u201crecientemente el Ente Provincial Regulador de Energ\u00eda (EPRE) ha dejado sin efecto una serie de aumentos que se hab\u00edan aprobado, por lo que desde septiembre se congela el Valor Agregado de Distribuci\u00f3n (VAD)\u201d.<\/p>\n<p>El mi\u00e9rcoles 4, en tanto, el gobernador Rogelio Frigerio anunci\u00f3 el congelamiento de los componentes provinciales en la boleta de electricidad hasta el 31 de diciembre.<\/p>\n<p>En una conferencia de prensa, el mandatario detall\u00f3 que se mantiene la eliminaci\u00f3n de \u201ctodos los impuestos provinciales vinculados con el costo de la energ\u00eda para los entrerrianos y sostuvimos 14 programas de subsidios\u201d. Luego anunci\u00f3 que, hasta fin de a\u00f1o, se va a congelar el componente provincial del VAD para todos los entrerrianos.<\/p>\n<p>Adem\u00e1s, subvenciona el 25% de esta distribuci\u00f3n de energ\u00eda a usuarios residenciales de bajos recursos para los primeros 700 Kw bimestrales. \u201cEsto beneficia al 50% de los hogares entrerrianos y al 100% de los hogares con ingresos menores a 900.000 pesos por mes\u201d, se\u00f1al\u00f3.<\/p>\n<p>Tambi\u00e9n subsidia el 50% del valor de distribuci\u00f3n a comerciantes, pymes, profesionales y prestadores de servicios para los primeros 700 Kw bimestrales. \u201cEsto beneficia al 60%\u201d, destac\u00f3.<\/p>\n<p>El gobernador sostuvo que est\u00e1n \u201cimpulsando un reempadronamiento de pymes, comercios y profesionales que prestan servicios que va a permitir que estos empresarios, pymes y comerciantes se puedan incorporar a un esquema de contrataci\u00f3n m\u00e1s eficiente y que permita contemplar la estacionalidad y las bandas horarias que son cuestiones que nos vienen reclamando desde hace mucho tiempo. Hemos eliminado la carga impositiva de la boleta de luz. Sostuvimos en estos meses muy complejos los subsidios provinciales. Estamos incorporando nuevos subsidios. Y vamos a seguir peleando por nuestros derechos como lo hacemos en la Justicia con Salto Grande como generadora de energ\u00eda\u201d, reflexion\u00f3.<\/p>\n<p>&nbsp;<\/p>\n<p><strong>Prohibici\u00f3n de cobro de tasas<\/strong><\/p>\n<p>En el \u00e1mbito nacional, el ministro de Econom\u00eda Luis Caputo anunci\u00f3, a inicios de mes, que los municipios van a tener prohibido la inclusi\u00f3n de impuestos en las facturas de servicios esenciales, como son la luz y el gas.<\/p>\n<p>El economista public\u00f3 la noticia en sus redes sociales: \u201cAnte reiteradas denuncias p\u00fablicas sobre municipios que incluyen tasas locales en la facturaci\u00f3n de servicios esenciales tales como la luz y el gas, la Secretar\u00eda de Industria y Comercio del Ministerio de Econom\u00eda dispuso, a trav\u00e9s de la Resoluci\u00f3n 2024-267\u201d.<\/p>\n<p>Al respecto, el asamble\u00edsta coment\u00f3: \u201cLos municipios dicen que la prohibici\u00f3n de cobrar tasas los desfinanciar\u00eda, pero bajo ning\u00fan punto de vista los ciudadanos debemos pagar en forma porcentual tasas dentro de la factura de luz cuando las prestaciones de servicio tienen un costo fijo, no son de car\u00e1cter porcentual y antojadizo. Eso se debe determinar de manera fehaciente: establecer cu\u00e1nto cuesta la prestaci\u00f3n y cu\u00e1l es la tasa que se debe fijar en ese sentido\u201d.<\/p>\n","protected":false},"excerpt":{"rendered":"<p>Desde febrero de 2023, en ocho ciudades entrerrianas se conformaron asambleas populares ante los costos altos en electricidad. Ma\u00f1ana se movilizan &nbsp; &nbsp; Asambleas de vecinos de distintas ciudades de Entre R\u00edos vuelven a autoconvocarse en espacios p\u00fablicos en contra de la quita de los subsidios en las tarifas de la electricidad. Fundamentan que, en las facturas de luz hab\u00eda 63% de impuestos, de los cuales el 25% de ellos constitu\u00edan las tasas municipales. Daniel Ruhl, referente de la Asamblea popular contra los tarifazos de la ciudad de Paran\u00e1, explic\u00f3:&#8230;<\/p>\n","protected":false},"author":3,"featured_media":39809,"comment_status":"closed","ping_status":"closed","sticky":false,"template":"","format":"standard","meta":[],"categories":[15],"tags":[],"_links":{"self":[{"href":"https:\/\/www.actualidadadiario.com\/index.php\/wp-json\/wp\/v2\/posts\/120540"}],"collection":[{"href":"https:\/\/www.actualidadadiario.com\/index.php\/wp-json\/wp\/v2\/posts"}],"about":[{"href":"https:\/\/www.actualidadadiario.com\/index.php\/wp-json\/wp\/v2\/types\/post"}],"author":[{"embeddable":true,"href":"https:\/\/www.actualidadadiario.com\/index.php\/wp-json\/wp\/v2\/users\/3"}],"replies":[{"embeddable":true,"href":"https:\/\/www.actualidadadiario.com\/index.php\/wp-json\/wp\/v2\/comments?post=120540"}],"version-history":[{"count":1,"href":"https:\/\/www.actualidadadiario.com\/index.php\/wp-json\/wp\/v2\/posts\/120540\/revisions"}],"predecessor-version":[{"id":120541,"href":"https:\/\/www.actualidadadiario.com\/index.php\/wp-json\/wp\/v2\/posts\/120540\/revisions\/120541"}],"wp:featuredmedia":[{"embeddable":true,"href":"https:\/\/www.actualidadadiario.com\/index.php\/wp-json\/wp\/v2\/media\/39809"}],"wp:attachment":[{"href":"https:\/\/www.actualidadadiario.com\/index.php\/wp-json\/wp\/v2\/media?parent=120540"}],"wp:term":[{"taxonomy":"category","embeddable":true,"href":"https:\/\/www.actualidadadiario.com\/index.php\/wp-json\/wp\/v2\/categories?post=120540"},{"taxonomy":"post_tag","embeddable":true,"href":"https:\/\/www.actualidadadiario.com\/index.php\/wp-json\/wp\/v2\/tags?post=120540"}],"curies":[{"name":"wp","href":"https:\/\/api.w.org\/{rel}","templated":true}]}}