{"id":120538,"date":"2024-09-24T10:34:04","date_gmt":"2024-09-24T13:34:04","guid":{"rendered":"https:\/\/www.actualidadadiario.com\/?p=120538"},"modified":"2024-09-24T10:34:04","modified_gmt":"2024-09-24T13:34:04","slug":"diputados-se-reune-en-concordia-para-continuar-el-debate-sobre-el-proyecto-de-reforma-politica","status":"publish","type":"post","link":"https:\/\/www.actualidadadiario.com\/index.php\/2024\/09\/24\/diputados-se-reune-en-concordia-para-continuar-el-debate-sobre-el-proyecto-de-reforma-politica\/","title":{"rendered":"Diputados se re\u00fane en Concordia para continuar el debate sobre el proyecto de reforma pol\u00edtica"},"content":{"rendered":"<p style=\"text-align: center;\"><em><strong>La Comisi\u00f3n de Legislaci\u00f3n General y la de Asuntos Constitucionales de la C\u00e1mara de Diputados se traslada este martes 24 al Centro de Convenciones de Concordia para seguir con la ronda de invitados a aportar miradas y posiciones en el debate de la reforma del sistema pol\u00edtico y electoral de la provincia. El encuentro ser\u00e1 continuidad del que se desarroll\u00f3 en Paran\u00e1 el mi\u00e9rcoles 11 de septiembre, cuando fue la presentaci\u00f3n del proyecto en la C\u00e1mara<\/strong><\/em><\/p>\n<p>&nbsp;<\/p>\n<p>&nbsp;<\/p>\n<p>Este martes 24 a partir de las 10 se realizar\u00e1 en el Centro de Convenciones de Concordia una nueva reuni\u00f3n conjunta de las comisiones de Legislaci\u00f3n General y de Asuntos Constitucionales, Juicio y Peticiones, Poderes y Reglamento para continuar con el debate del proyecto de reforma pol\u00edtica y electoral de la provincia que present\u00f3 el Poder Ejecutivo.<\/p>\n<p>El encuentro ser\u00e1 continuidad del que se desarroll\u00f3 en el Sal\u00f3n de los Escudos de Casa de Gobierno en Paran\u00e1, el mi\u00e9rcoles 11 de septiembre cuando fue la presentaci\u00f3n del proyecto para los diputados y hubo presencia de muchos invitados que eran presidentes o representantes de partidos pol\u00edticos y universidades, seg\u00fan destac\u00f3 en aquella oportunidad la diputada oficialista, Gabriela Lena.<\/p>\n<p>Lena tambi\u00e9n adelant\u00f3 en aquella primera reuni\u00f3n que exist\u00eda la idea de hacer las reuniones \u201cen otros lugares de la provincia de Entre R\u00edos\u201d con el objetivo de que \u201cesta discusi\u00f3n sea federal como queremos serlo y como siempre nos represent\u00f3 a los entrerrianos y escuchar todas las voces, no solamente a los partidos pol\u00edticos que van a ser invitados siempre, sino tambi\u00e9n asociaciones civiles, a los intendentes, a concejales, que tengan ganas de decirnos qu\u00e9 es lo que piensan respecto de esta reforma&#8221;.<\/p>\n<p>Para este martes se espera la presencia en el Centro de Convenciones de Concordia del secretario de Comunicaci\u00f3n del Gobierno de Entre R\u00edos, Sergio Kneeteman; del actual intendente de Concordia e integrante del\u00a0 Foro de Intendentes de Juntos por Entre R\u00edos, Francisco Azcu\u00e9; de la intendenta de Paran\u00e1 e integrante de la Liga de Intendentes del Partido Justicialista (PJ), Rosario Romero; del intendente de Col\u00f3n e integrantes de la Liga de Intendentes Vecinalistas, Jos\u00e9 Luis Walser; y de representantes de Asociaciones intermedias.<\/p>\n<p>En el proyecto de ley, el Gobierno sostuvo que el objeto del proyecto de Ley de C\u00f3digo Electoral de la Provincia de Entre R\u00edos propone \u201cintroducir modificaciones al sistema electoral entrerriano con el objeto de mejorar la calidad de nuestros procesos electorales\u201d.<\/p>\n<p>Se\u00f1al\u00f3 adem\u00e1s que \u201cla actual ley electoral ha tenido vigencia durante los \u00faltimos noventa a\u00f1os de la historia de nuestra provincia. A trav\u00e9s de la Ley N\u00b0 2.988 del a\u00f1o 1934, se sentaron los principios generales relativos a los procesos electorales para elegir autoridades provinciales y locales, garantizando el marco legal de acceso a la competencia en la provincia\u201d.<\/p>\n<p>A\u00f1adi\u00f3 que \u201cdesde el Poder Ejecutivo se ha convocado al di\u00e1logo a las diversas fuerzas pol\u00edticas, actores institucionales y acad\u00e9micos a los fines de elevar una propuesta que contemple diversas visiones respecto de los aspectos relevantes a reformar. Este dialogo previo ha sido fruct\u00edfero y nutre sustancialmente al mismo, contemplando las visiones de distintos sectores para elevar un proyecto con el mayor consenso posible\u201d.<\/p>\n<p>Sostuvo que \u201cse trata de la oportunidad para impulsar un proyecto de este tipo, en un contexto alejado de los procesos electorales, que brinde a todos los actores el marco para construir consensos y elaborar una norma que contemple las necesidades del sistema pol\u00edtico-electoral entrerriano y contar con los tiempos necesarios para la difusi\u00f3n y capacitaci\u00f3n interna de todos los actores involucrados, como as\u00ed tambi\u00e9n para llegar con informaci\u00f3n precisa y a tiempo a la ciudadan\u00eda, que permita promover el voto informado\u201d.<\/p>\n","protected":false},"excerpt":{"rendered":"<p>La Comisi\u00f3n de Legislaci\u00f3n General y la de Asuntos Constitucionales de la C\u00e1mara de Diputados se traslada este martes 24 al Centro de Convenciones de Concordia para seguir con la ronda de invitados a aportar miradas y posiciones en el debate de la reforma del sistema pol\u00edtico y electoral de la provincia. El encuentro ser\u00e1 continuidad del que se desarroll\u00f3 en Paran\u00e1 el mi\u00e9rcoles 11 de septiembre, cuando fue la presentaci\u00f3n del proyecto en la C\u00e1mara &nbsp; &nbsp; Este martes 24 a partir de las 10 se realizar\u00e1 en el&#8230;<\/p>\n","protected":false},"author":3,"featured_media":120387,"comment_status":"closed","ping_status":"closed","sticky":false,"template":"","format":"standard","meta":[],"categories":[15],"tags":[],"_links":{"self":[{"href":"https:\/\/www.actualidadadiario.com\/index.php\/wp-json\/wp\/v2\/posts\/120538"}],"collection":[{"href":"https:\/\/www.actualidadadiario.com\/index.php\/wp-json\/wp\/v2\/posts"}],"about":[{"href":"https:\/\/www.actualidadadiario.com\/index.php\/wp-json\/wp\/v2\/types\/post"}],"author":[{"embeddable":true,"href":"https:\/\/www.actualidadadiario.com\/index.php\/wp-json\/wp\/v2\/users\/3"}],"replies":[{"embeddable":true,"href":"https:\/\/www.actualidadadiario.com\/index.php\/wp-json\/wp\/v2\/comments?post=120538"}],"version-history":[{"count":1,"href":"https:\/\/www.actualidadadiario.com\/index.php\/wp-json\/wp\/v2\/posts\/120538\/revisions"}],"predecessor-version":[{"id":120539,"href":"https:\/\/www.actualidadadiario.com\/index.php\/wp-json\/wp\/v2\/posts\/120538\/revisions\/120539"}],"wp:featuredmedia":[{"embeddable":true,"href":"https:\/\/www.actualidadadiario.com\/index.php\/wp-json\/wp\/v2\/media\/120387"}],"wp:attachment":[{"href":"https:\/\/www.actualidadadiario.com\/index.php\/wp-json\/wp\/v2\/media?parent=120538"}],"wp:term":[{"taxonomy":"category","embeddable":true,"href":"https:\/\/www.actualidadadiario.com\/index.php\/wp-json\/wp\/v2\/categories?post=120538"},{"taxonomy":"post_tag","embeddable":true,"href":"https:\/\/www.actualidadadiario.com\/index.php\/wp-json\/wp\/v2\/tags?post=120538"}],"curies":[{"name":"wp","href":"https:\/\/api.w.org\/{rel}","templated":true}]}}