{"id":120532,"date":"2024-09-23T17:11:53","date_gmt":"2024-09-23T20:11:53","guid":{"rendered":"https:\/\/www.actualidadadiario.com\/?p=120532"},"modified":"2024-09-23T17:11:53","modified_gmt":"2024-09-23T20:11:53","slug":"quien-es-el-nuevo-abogado-que-se-suma-a-la-causa-loan","status":"publish","type":"post","link":"https:\/\/www.actualidadadiario.com\/index.php\/2024\/09\/23\/quien-es-el-nuevo-abogado-que-se-suma-a-la-causa-loan\/","title":{"rendered":"\u00bfQui\u00e9n es el nuevo abogado que se suma a la causa Loan?"},"content":{"rendered":"<p style=\"text-align: center;\"><em><strong>El nuevo defensor fue llamado por los padres del peque\u00f1o para la direcci\u00f3n de la acusaci\u00f3n y de la investigaci\u00f3n<\/strong><\/em><\/p>\n<p>&nbsp;<\/p>\n<p>&nbsp;<\/p>\n<p>Un nuevo abogado relacionado al caso Grassi integrar\u00e1 la querella de los padres de Loan Danilo Pe\u00f1a luego de que solicitaran su ayuda para la direcci\u00f3n de la acusaci\u00f3n y de la investigaci\u00f3n.<\/p>\n<p>Se trata de Juan Pablo Gallego, abogado de las v\u00edctimas del padre Grassi, quien desde este lunes forma parte de la causa Loan en Corrientes luego de un llamado que recibi\u00f3 por parte de Mar\u00eda Noguera y Jos\u00e9 Pe\u00f1a, padres del ni\u00f1o desaparecido.<\/p>\n<p>La noticia fue confirmada por el propio abogado a la Agencia Noticias Argentinas y destac\u00f3 que tras el pedido la Justicia anunci\u00f3 su admisi\u00f3n a la causa.<\/p>\n<p>\u201cMe lo pidieron los pap\u00e1s de Loan y acept\u00e9 el reto, pese a todo el tiempo perdido\u201d, expres\u00f3 Gallego.<\/p>\n<p>En di\u00e1logo con este medio, indic\u00f3 que Roberto M\u00e9ndez, abogado desde el d\u00eda uno, seguir\u00e1 en su cargo, mientras que \u00e9l formar\u00e1 parte de la direcci\u00f3n de la acusaci\u00f3n y de la investigaci\u00f3n.<\/p>\n<p>\u201cFue una cat\u00e1strofe todo el tiempo perdido. El jueves me llamaron los padres y comprob\u00e9 que se tratan de personas desesperadas por reencontrar a su hijo y saber la verdad\u201d, manifest\u00f3.<\/p>\n<p>En este marco, indic\u00f3 que el caso por la b\u00fasqueda del ni\u00f1o contin\u00faa, pese a que ya pasaron m\u00e1s de 100 d\u00edas y no hay noticias certeras sobre qu\u00e9 pas\u00f3 y d\u00f3nde podr\u00eda estar.<\/p>\n<p>&nbsp;<\/p>\n<p><strong>El mensaje del papa Francisco en el caso Loan<\/strong><\/p>\n<p>El sumo pont\u00edfice le envi\u00f3 una carta a la fundaci\u00f3n La Alameda para agradecer la investigaci\u00f3n y la lucha constante contra la trata y la explotaci\u00f3n de menores.<\/p>\n<p>&#8220;Querido hermano, muchas gracias por tu correo. Gracias por todo tu trabajo y, en modo especial, por lo que haces por Loan. Te acompa\u00f1o en la oraci\u00f3n. Que Jes\u00fas te bendiga y la Virgen Santa te cuide&#8221;, expresa la carta enviada por el Papa.<\/p>\n","protected":false},"excerpt":{"rendered":"<p>El nuevo defensor fue llamado por los padres del peque\u00f1o para la direcci\u00f3n de la acusaci\u00f3n y de la investigaci\u00f3n &nbsp; &nbsp; Un nuevo abogado relacionado al caso Grassi integrar\u00e1 la querella de los padres de Loan Danilo Pe\u00f1a luego de que solicitaran su ayuda para la direcci\u00f3n de la acusaci\u00f3n y de la investigaci\u00f3n. Se trata de Juan Pablo Gallego, abogado de las v\u00edctimas del padre Grassi, quien desde este lunes forma parte de la causa Loan en Corrientes luego de un llamado que recibi\u00f3 por parte de Mar\u00eda&#8230;<\/p>\n","protected":false},"author":3,"featured_media":120533,"comment_status":"closed","ping_status":"closed","sticky":false,"template":"","format":"standard","meta":[],"categories":[4],"tags":[],"_links":{"self":[{"href":"https:\/\/www.actualidadadiario.com\/index.php\/wp-json\/wp\/v2\/posts\/120532"}],"collection":[{"href":"https:\/\/www.actualidadadiario.com\/index.php\/wp-json\/wp\/v2\/posts"}],"about":[{"href":"https:\/\/www.actualidadadiario.com\/index.php\/wp-json\/wp\/v2\/types\/post"}],"author":[{"embeddable":true,"href":"https:\/\/www.actualidadadiario.com\/index.php\/wp-json\/wp\/v2\/users\/3"}],"replies":[{"embeddable":true,"href":"https:\/\/www.actualidadadiario.com\/index.php\/wp-json\/wp\/v2\/comments?post=120532"}],"version-history":[{"count":1,"href":"https:\/\/www.actualidadadiario.com\/index.php\/wp-json\/wp\/v2\/posts\/120532\/revisions"}],"predecessor-version":[{"id":120534,"href":"https:\/\/www.actualidadadiario.com\/index.php\/wp-json\/wp\/v2\/posts\/120532\/revisions\/120534"}],"wp:featuredmedia":[{"embeddable":true,"href":"https:\/\/www.actualidadadiario.com\/index.php\/wp-json\/wp\/v2\/media\/120533"}],"wp:attachment":[{"href":"https:\/\/www.actualidadadiario.com\/index.php\/wp-json\/wp\/v2\/media?parent=120532"}],"wp:term":[{"taxonomy":"category","embeddable":true,"href":"https:\/\/www.actualidadadiario.com\/index.php\/wp-json\/wp\/v2\/categories?post=120532"},{"taxonomy":"post_tag","embeddable":true,"href":"https:\/\/www.actualidadadiario.com\/index.php\/wp-json\/wp\/v2\/tags?post=120532"}],"curies":[{"name":"wp","href":"https:\/\/api.w.org\/{rel}","templated":true}]}}