{"id":120519,"date":"2024-09-23T17:06:05","date_gmt":"2024-09-23T20:06:05","guid":{"rendered":"https:\/\/www.actualidadadiario.com\/?p=120519"},"modified":"2024-09-23T17:06:05","modified_gmt":"2024-09-23T20:06:05","slug":"encuentran-30-cadaveres-en-barca-frente-a-costas-de-senegal","status":"publish","type":"post","link":"https:\/\/www.actualidadadiario.com\/index.php\/2024\/09\/23\/encuentran-30-cadaveres-en-barca-frente-a-costas-de-senegal\/","title":{"rendered":"Encuentran 30 cad\u00e1veres en barca frente a costas de Senegal"},"content":{"rendered":"<p style=\"text-align: center;\"><em><strong>El descubrimiento se produjo dos semanas despu\u00e9s de que naufragara un cayuco en el que viajaba casi un centenar de migrantes irregulares<\/strong><\/em><\/p>\n<p>&nbsp;<\/p>\n<p>&nbsp;<\/p>\n<p>La Marina de Senegal encontr\u00f3 el domingo una embarcaci\u00f3n a la deriva, a unas decenas de kil\u00f3metros de las costas de Dakar, con al menos 30 &#8220;cuerpos sin vida&#8221; a bordo, indic\u00f3 el ej\u00e9rcito en un comunicado.<\/p>\n<p>&#8220;De momento, se contabilizaron 30 cuerpos&#8221; y se abri\u00f3 una investigaci\u00f3n para averiguar la procedencia de la embarcaci\u00f3n y precisar el balance total de la tragedia, explic\u00f3 el ej\u00e9rcito en un comunicado divulgado en redes sociales.<\/p>\n<p>De Senegal parten numerosas embarcaciones precarias de migrantes rumbo a las costas europeas. La Marina fue informada el domingo por la noche de la presencia de una barcaza a la deriva a unos 70 km de Dakar &#8220;con varios cuerpos sin vida&#8221;, seg\u00fan el comunicado.<\/p>\n<p>Las autoridades enviaron un patrullero a la zona, que remolc\u00f3 el barco hasta Dakar, adonde lleg\u00f3 hacia las 06H00 (locales y GMT) de este lunes.<\/p>\n<p>&#8220;Las operaciones de recuperaci\u00f3n, identificaci\u00f3n y traslado [de los cuerpos] se volvieron muy delicadas por el avanzado estado de descomposici\u00f3n de los cuerpos&#8221;, afirm\u00f3 el ej\u00e9rcito.<\/p>\n","protected":false},"excerpt":{"rendered":"<p>El descubrimiento se produjo dos semanas despu\u00e9s de que naufragara un cayuco en el que viajaba casi un centenar de migrantes irregulares &nbsp; &nbsp; La Marina de Senegal encontr\u00f3 el domingo una embarcaci\u00f3n a la deriva, a unas decenas de kil\u00f3metros de las costas de Dakar, con al menos 30 &#8220;cuerpos sin vida&#8221; a bordo, indic\u00f3 el ej\u00e9rcito en un comunicado. &#8220;De momento, se contabilizaron 30 cuerpos&#8221; y se abri\u00f3 una investigaci\u00f3n para averiguar la procedencia de la embarcaci\u00f3n y precisar el balance total de la tragedia, explic\u00f3 el ej\u00e9rcito&#8230;<\/p>\n","protected":false},"author":3,"featured_media":120520,"comment_status":"closed","ping_status":"closed","sticky":false,"template":"","format":"standard","meta":[],"categories":[4],"tags":[],"_links":{"self":[{"href":"https:\/\/www.actualidadadiario.com\/index.php\/wp-json\/wp\/v2\/posts\/120519"}],"collection":[{"href":"https:\/\/www.actualidadadiario.com\/index.php\/wp-json\/wp\/v2\/posts"}],"about":[{"href":"https:\/\/www.actualidadadiario.com\/index.php\/wp-json\/wp\/v2\/types\/post"}],"author":[{"embeddable":true,"href":"https:\/\/www.actualidadadiario.com\/index.php\/wp-json\/wp\/v2\/users\/3"}],"replies":[{"embeddable":true,"href":"https:\/\/www.actualidadadiario.com\/index.php\/wp-json\/wp\/v2\/comments?post=120519"}],"version-history":[{"count":1,"href":"https:\/\/www.actualidadadiario.com\/index.php\/wp-json\/wp\/v2\/posts\/120519\/revisions"}],"predecessor-version":[{"id":120521,"href":"https:\/\/www.actualidadadiario.com\/index.php\/wp-json\/wp\/v2\/posts\/120519\/revisions\/120521"}],"wp:featuredmedia":[{"embeddable":true,"href":"https:\/\/www.actualidadadiario.com\/index.php\/wp-json\/wp\/v2\/media\/120520"}],"wp:attachment":[{"href":"https:\/\/www.actualidadadiario.com\/index.php\/wp-json\/wp\/v2\/media?parent=120519"}],"wp:term":[{"taxonomy":"category","embeddable":true,"href":"https:\/\/www.actualidadadiario.com\/index.php\/wp-json\/wp\/v2\/categories?post=120519"},{"taxonomy":"post_tag","embeddable":true,"href":"https:\/\/www.actualidadadiario.com\/index.php\/wp-json\/wp\/v2\/tags?post=120519"}],"curies":[{"name":"wp","href":"https:\/\/api.w.org\/{rel}","templated":true}]}}