{"id":120516,"date":"2024-09-23T16:51:19","date_gmt":"2024-09-23T19:51:19","guid":{"rendered":"https:\/\/www.actualidadadiario.com\/?p=120516"},"modified":"2024-09-23T16:51:31","modified_gmt":"2024-09-23T19:51:31","slug":"el-senado-aprobaria-este-jueves-el-registro-nacional-de-datos-geneticos","status":"publish","type":"post","link":"https:\/\/www.actualidadadiario.com\/index.php\/2024\/09\/23\/el-senado-aprobaria-este-jueves-el-registro-nacional-de-datos-geneticos\/","title":{"rendered":"El Senado aprobar\u00eda este jueves el Registro Nacional de Datos Gen\u00e9ticos"},"content":{"rendered":"<p style=\"text-align: center;\"><em><strong>Si bien la sesi\u00f3n no est\u00e1 oficializada, el temario incluir\u00eda la ampliaci\u00f3n del Registro de Datos Gen\u00e9ticos y la entrada y salida de tropas extranjeras que deber\u00eda tratarse sobre tablas, ya que reci\u00e9n este mi\u00e9rcoles se emitir\u00e1 dictamen en comisi\u00f3n. Tambi\u00e9n un proyecto sobre un marco jur\u00eddico a personas que han sufrido mala praxis<\/strong><\/em><\/p>\n<p>&nbsp;<\/p>\n<p>&nbsp;<\/p>\n<p>Mientras Diputados espera comenzar con el tratamiento del Presupuesto de Administraci\u00f3n Nacional 2025, el Senado intentar\u00e1 avanzar con varios proyectos que cuentan con media sanci\u00f3n para liberar la agenda por lo que sesionar\u00eda este jueves.<\/p>\n<p>Si bien no est\u00e1 confirmada de forma oficial, las autoridades de la C\u00e1mara trabajan en la elaboraci\u00f3n del temario, que incluir\u00eda la modificaci\u00f3n a la Ley 26.879, en virtud de la ampliaci\u00f3n del Registro Nacional de Datos Gen\u00e9ticos vinculados a delitos contra la integridad sexual que cuenta con media sanci\u00f3n desde el 14 de agosto.<\/p>\n<p>Un punto importante que impuso la oposici\u00f3n en la C\u00e1mara baja es que la tutela no depender\u00e1 del Ministerio de Seguridad, que comanda Patricia Bullrich, sino que continuar\u00e1 en manos de la cartera de Justicia. Sin embargo, funcionarios del Ejecutivo durante su exposici\u00f3n ante el Senado pidieron que se revea el art\u00edculo 2 al argumentar que dicha decisi\u00f3n: \u201cSe bas\u00f3 en una cuesti\u00f3n ideol\u00f3gica porque jur\u00eddicamente no hay el m\u00e1s m\u00ednimo argumento para seguir sosteni\u00e9ndolo que siga en el Ministerio de Justicia\u201d.<\/p>\n<p>La ampliaci\u00f3n del registro tiene como fin contribuir al \u201cesclarecimiento de los hechos que sean objeto de una investigaci\u00f3n judicial mediante la comparaci\u00f3n de perfiles gen\u00e9ticos provenientes de laboratorios debidamente acreditados\u201d.<\/p>\n<p>Tambi\u00e9n, \u201cidentificar y favorecer la determinaci\u00f3n del paradero de personas extraviadas, desaparecidas o fallecidas\u201d y \u201cdiscriminar las huellas de todo personal que interviene directamente en la escena del hecho delictivo\u201d.<\/p>\n<p>\u201cLos perfiles gen\u00e9ticos de v\u00edctimas de delitos o de familiares de personas desaparecidas o extraviadas no podr\u00e1n ser utilizados como muestra para el esclarecimiento de un hecho delictivo, excepto que los aportantes lo consientan expresamente\u201d, aclara el texto.<\/p>\n<p>De acuerdo al proyecto con media sanci\u00f3n, adem\u00e1s del perfil gen\u00e9tico \u201cse almacenar\u00e1n, en forma independiente\u201d el nombre y apellido, fecha y lugar del nacimiento y el n\u00famero de DNI\/pasaporte y la autoridad que lo expidi\u00f3.<\/p>\n<p>\u201cEl titular de los datos tendr\u00e1 derecho a acceder y eventualmente corregir sus datos en el caso de que sean err\u00f3neos, en cualquier momento\u201d, reza la iniciativa, que adem\u00e1s expresa que el uso de la informaci\u00f3n deber\u00e1 atender a los criterios de la normativa sobre Protecci\u00f3n de Datos Personales.<\/p>\n<p>Otro de los art\u00edculos se\u00f1ala que \u201ca fin de optimizar la asignaci\u00f3n de recursos, la incorporaci\u00f3n de perfiles gen\u00e9ticos se realizar\u00e1 otorgando prioridad de ingreso al registro a los perfiles gen\u00e9ticos de imputados, procesados o condenados por los siguientes delitos: homicidio, abusos sexuales, narcotr\u00e1fico y robos agravados.<\/p>\n<p>La eventual sesi\u00f3n del jueves sumar\u00eda dos pliegos -con aval de la comisi\u00f3n de Acuerdos- que prorrogan, por cinco a\u00f1os m\u00e1s, a dos magistrados judiciales: el vocal de la C\u00e1mara Nacional de Apelaciones en lo Contencioso Administrativo Federal de la Capital Federal Sala IV, Jorge Eduardo Mor\u00e1n; y el vocal de la C\u00e1mara Nacional de Apelaciones en lo Penal Econ\u00f3mico de la Capital Federal, Roberto Enrique Hornos.<\/p>\n<p>Por otro lado, la C\u00e1mara alta tambi\u00e9n activar\u00e1 varias comisiones para que emitan dictamen a fin de poder llevarlos al recinto y tratarlos sobre tablas. Una de ellas ser\u00e1 el plenario de las comisiones de Defensa Nacional y de Relaciones Exteriores que volver\u00e1n a poner sobre la mesa el dictamen que autoriza el ingreso de tropas extranjeras en el territorio de la Naci\u00f3n, y la salida de las fuerzas nacionales para la realizaci\u00f3n de ejercicios combinados, contemplando la demora en la materia, ya que cuenta con media sanci\u00f3n de Diputados y el per\u00edodo se inicia a partir del 1ro de septiembre.<\/p>\n<p>La iniciativa fue enviada por el Poder Ejecutivo el pasado 5 de junio en virtud del cumplimiento del inciso 28 del art\u00edculo 75 de la Constituci\u00f3n Nacional, que establece que la autorizaci\u00f3n corresponde al Congreso.<\/p>\n<p>\u201cSe autoriza la salida de personal y\/o medios del Estado Mayor Conjunto de las Fuerzas Armadas, del Ej\u00e9rcito Argentino, de la Armada Argentina y de la Fuerza A\u00e9rea Argentina del territorio de la Naci\u00f3n, y el ingreso de tropas extranjeras en \u00e9l, seg\u00fan correspondiere, para la realizaci\u00f3n de los ejercicios combinados estipulados en el marco del Programa de Ejercitaciones Combinadas correspondiente al per\u00edodo comprendido entre el 1\u00ba de septiembre de 2024 y el 31 de agosto de 2025\u201d, establece el proyecto.<\/p>\n<p>Adem\u00e1s, explica que \u201cla pr\u00e1ctica de ejercicios combinados de este tipo es una herramienta fundamental que permite robustecer el adiestramiento y entrenamiento del personal de nuestras fuerzas armadas; profundizando el acercamiento, conocimiento y confianza mutua, incrementando as\u00ed la interoperabilidad con las fuerzas militares de otros pa\u00edses y la eficacia a la hora de llevar adelante alguna operaci\u00f3n combinada en el futuro\u201d.<\/p>\n<p>De acuerdo al texto, se contemplan 15 ejercicios militares, de los cuales uno corresponde al Ej\u00e9rcito Argentino, doce corresponden a la Armada Argentina y uno corresponde a la Fuerza A\u00e9rea Argentina. Del total de las ejercitaciones mencionadas, seis son de car\u00e1cter multilateral, ocho tienen car\u00e1cter bilateral y una, \u201cPassex\u201d, de oportunidad, pudiendo ser bilateral o multilateral seg\u00fan las circunstancias.<\/p>\n<p>Dos de las ejercitaciones \u201cIntegraci\u00f3n 2024\u201d y \u201cViekaren\u201d, plantean la atenci\u00f3n a una situaci\u00f3n de emergencia o cat\u00e1strofe; seis DE ellos, \u201cAcrux\u201d, \u201cAtlasur\u201d, \u201cFraterno\u201d, \u201cInalaf\u201d, \u201cUnitas\u201d y \u201cCruzex\u201d, son ejercitaciones en el marco de una hipot\u00e9tica misi\u00f3n de la Organizaci\u00f3n de las Naciones Unidas.<\/p>\n<p>Adem\u00e1s, \u201cOperaci\u00f3n Formosa\u201d, plantea la integraci\u00f3n de efectivos de la Armada Argentina en el empleo de los sistemas de armas utilizados por la Marina de Brasil; \u201cGalapex\u201d establece la organizaci\u00f3n y empleo de una fuerza multinacional para ejercitar la interoperabilidad de la vigilancia y control de espacios mar\u00edtimos de inter\u00e9s, y dos de ellos, \u201cSiforex\u201d tiene por objeto incrementar el nivel de interoperabilidad y adiestramiento con foco en acciones submarinas y antisubmarinas, mientras que \u201cGuinex\u201d tiene por objeto trabajar de manera multinacional el control del tr\u00e1nsito mar\u00edtimo en el \u00e1mbito de la ZOPACAS (Zona de Paz y Cooperaci\u00f3n del Atl\u00e1ntico Sur) interactuando con armadas del continente africano.<\/p>\n<p>Con respecto a \u201cArand\u00fa\u201d, dise\u00f1a un ejercicio de planeamiento y simulaci\u00f3n en el gabinete con medios inform\u00e1ticos de la plataforma del Ej\u00e9rcito brasile\u00f1o: Batalla Virtual. El ejercicio \u201cAtlasur\u201d brinda la oportunidad para compartir experiencias y promover v\u00ednculos allende nuestra regi\u00f3n por realizarse con la Armada de la Rep\u00fablica de Sud\u00e1frica.<\/p>\n<p>Respecto del ejercicio \u201cPassex\u201d, constituye un eventual \u201cejercicio\/s de oportunidad\u201d, en el que se realizan actividades b\u00e1sicas de adiestramiento naval cuando una unidad de guerra extranjera efect\u00faa un pasaje por el litoral mar\u00edtimo argentino durante su traslado, y por ello no especifica fecha de realizaci\u00f3n, toda vez que la planificaci\u00f3n y ejecuci\u00f3n de este se encuentra supeditada al eventual paso de una unidad de guerra extranjera por aguas de la Zona Econ\u00f3mica Exclusiva de la Rep\u00fablica Argentina.<\/p>\n<p>Finalmente, el ejercicio \u201cVinciguerra\u201d permite el entrenamiento de manera bilateral intercambiando t\u00e9cnicas y t\u00e1cticas de entrenamiento en unidades de elite de la infanter\u00eda de Marina, mejorando el proceso de planificaci\u00f3n, preparaci\u00f3n y manejo de riesgo de las operaciones en terreno monta\u00f1oso propio del escenario austral.<\/p>\n<p>El 20 de agosto pasado asisti\u00f3 el Secretario de Asuntos Internacionales para la Defensa del Ministerio, Juan Battaleme, quien volver\u00e1 a participar esta semana de la nueva reuni\u00f3n. No obstante, errores de c\u00e1lculo del oficialismo y el rechazo cristinista a dos de los 15 ejercicios imposibilit\u00f3 la firma de un despacho. De all\u00ed la nueva convocatoria.<\/p>\n<p>Otra iniciativa que tambi\u00e9n vot\u00f3 Diputados es la que lleva el nombre de Nicol\u00e1s Deanna -v\u00edctima de mala praxis-, que pretende establecer un \u201cmarco jur\u00eddico e institucional para el ejercicio del derecho a una asistencia sanitaria de calidad y segura\u201d, seg\u00fan consta en su primer art\u00edculo. Una cuesti\u00f3n delicada que se analizar\u00e1 desde las 10 de este mi\u00e9rcoles en un plenario de las comisiones de Salud y de Legislaci\u00f3n General de la C\u00e1mara alta. Algunos legisladores dudan y pedir\u00edan convocar a especialistas.<\/p>\n","protected":false},"excerpt":{"rendered":"<p>Si bien la sesi\u00f3n no est\u00e1 oficializada, el temario incluir\u00eda la ampliaci\u00f3n del Registro de Datos Gen\u00e9ticos y la entrada y salida de tropas extranjeras que deber\u00eda tratarse sobre tablas, ya que reci\u00e9n este mi\u00e9rcoles se emitir\u00e1 dictamen en comisi\u00f3n. Tambi\u00e9n un proyecto sobre un marco jur\u00eddico a personas que han sufrido mala praxis &nbsp; &nbsp; Mientras Diputados espera comenzar con el tratamiento del Presupuesto de Administraci\u00f3n Nacional 2025, el Senado intentar\u00e1 avanzar con varios proyectos que cuentan con media sanci\u00f3n para liberar la agenda por lo que sesionar\u00eda este&#8230;<\/p>\n","protected":false},"author":3,"featured_media":119682,"comment_status":"closed","ping_status":"closed","sticky":false,"template":"","format":"standard","meta":[],"categories":[18],"tags":[],"_links":{"self":[{"href":"https:\/\/www.actualidadadiario.com\/index.php\/wp-json\/wp\/v2\/posts\/120516"}],"collection":[{"href":"https:\/\/www.actualidadadiario.com\/index.php\/wp-json\/wp\/v2\/posts"}],"about":[{"href":"https:\/\/www.actualidadadiario.com\/index.php\/wp-json\/wp\/v2\/types\/post"}],"author":[{"embeddable":true,"href":"https:\/\/www.actualidadadiario.com\/index.php\/wp-json\/wp\/v2\/users\/3"}],"replies":[{"embeddable":true,"href":"https:\/\/www.actualidadadiario.com\/index.php\/wp-json\/wp\/v2\/comments?post=120516"}],"version-history":[{"count":2,"href":"https:\/\/www.actualidadadiario.com\/index.php\/wp-json\/wp\/v2\/posts\/120516\/revisions"}],"predecessor-version":[{"id":120518,"href":"https:\/\/www.actualidadadiario.com\/index.php\/wp-json\/wp\/v2\/posts\/120516\/revisions\/120518"}],"wp:featuredmedia":[{"embeddable":true,"href":"https:\/\/www.actualidadadiario.com\/index.php\/wp-json\/wp\/v2\/media\/119682"}],"wp:attachment":[{"href":"https:\/\/www.actualidadadiario.com\/index.php\/wp-json\/wp\/v2\/media?parent=120516"}],"wp:term":[{"taxonomy":"category","embeddable":true,"href":"https:\/\/www.actualidadadiario.com\/index.php\/wp-json\/wp\/v2\/categories?post=120516"},{"taxonomy":"post_tag","embeddable":true,"href":"https:\/\/www.actualidadadiario.com\/index.php\/wp-json\/wp\/v2\/tags?post=120516"}],"curies":[{"name":"wp","href":"https:\/\/api.w.org\/{rel}","templated":true}]}}