{"id":120514,"date":"2024-09-23T16:50:41","date_gmt":"2024-09-23T19:50:41","guid":{"rendered":"https:\/\/www.actualidadadiario.com\/?p=120514"},"modified":"2024-09-23T16:50:41","modified_gmt":"2024-09-23T19:50:41","slug":"en-medio-del-conflicto-gremial-diputados-comienza-a-tratar-la-privatizacion-de-aerolineas-argentinas","status":"publish","type":"post","link":"https:\/\/www.actualidadadiario.com\/index.php\/2024\/09\/23\/en-medio-del-conflicto-gremial-diputados-comienza-a-tratar-la-privatizacion-de-aerolineas-argentinas\/","title":{"rendered":"En medio del conflicto gremial, Diputados comienza a tratar la privatizaci\u00f3n de Aerol\u00edneas Argentinas"},"content":{"rendered":"<p style=\"text-align: center;\"><em><strong>Ser\u00e1 una reuni\u00f3n plenaria entre las comisiones de Transporte, y Presupuesto y Hacienda que recibir\u00e1 a tres funcionarios. Este lunes se public\u00f3, tambi\u00e9n, el DNU 844\/24 por el que el Gobierno nacional oficializ\u00f3 que ANAC podr\u00e1 autorizar operaciones con tripulaciones y aeronaves extranjeras<\/strong><\/em><\/p>\n<p>&nbsp;<\/p>\n<p>&nbsp;<\/p>\n<p>En medio del conflicto gremial entre la Asociaci\u00f3n de Pilotos de L\u00edneas A\u00e9reas (APLA) y el Estado nacional, Diputados convoc\u00f3 a una reuni\u00f3n plenaria entre las comisiones de Transporte, y Presupuesto y Hacienda para este mi\u00e9rcoles a las 11 para iniciar el tratamiento respecto a avanzar en la privatizaci\u00f3n de Aerol\u00edneas Argentinas.<\/p>\n<p>Si bien el oficialismo hab\u00eda cedido ante el pedido de la oposici\u00f3n dialoguista de quitar a Aerol\u00edneas de las empresas sujetas a privatizaci\u00f3n en el tratamiento de la Ley de Bases y Puntos de Partida para la Libertad de los Argentinos cuando se sancion\u00f3 en junio pasado, esta vez, La Libertad Avanza pondr\u00e1 en discusi\u00f3n los proyectos impulsados por Hern\u00e1n Lombardi (Pro) y por Juan Manuel L\u00f3pez (Coalici\u00f3n C\u00edvica).<\/p>\n<p>Para este primer encuentro plenario, fueron convocados a exponer el vicejefe de Gabinete, Jos\u00e9 Rolandi; el presidente de Aerol\u00edneas Argentinas, Fabi\u00e1n Lombardo; y el secretario de Transporte de la Naci\u00f3n, Franco Mogetta.<\/p>\n<p>Por otro lado, este lunes sali\u00f3, en el Bolet\u00edn Oficial, la publicaci\u00f3n del DNU 844\/2024 por el que el Gobierno nacional oficializ\u00f3 que la Administraci\u00f3n Nacional de Aviaci\u00f3n Civil (ANAC) pueda autorizar operaciones con tripulaciones y aeronaves extranjeras.<\/p>\n<p>La nueva medida establece que la autoridad aeron\u00e1utica nacional deber\u00e1 reglamentar t\u00e9cnicamente los art\u00edculos 106 y 107 del C\u00f3digo Aeron\u00e1utico, con el fin de establecer los procedimientos adecuados para el otorgamiento de autorizaciones relativas al personal extranjero y a las aeronaves con matr\u00edcula extranjera que operen en el territorio nacional.<\/p>\n","protected":false},"excerpt":{"rendered":"<p>Ser\u00e1 una reuni\u00f3n plenaria entre las comisiones de Transporte, y Presupuesto y Hacienda que recibir\u00e1 a tres funcionarios. Este lunes se public\u00f3, tambi\u00e9n, el DNU 844\/24 por el que el Gobierno nacional oficializ\u00f3 que ANAC podr\u00e1 autorizar operaciones con tripulaciones y aeronaves extranjeras &nbsp; &nbsp; En medio del conflicto gremial entre la Asociaci\u00f3n de Pilotos de L\u00edneas A\u00e9reas (APLA) y el Estado nacional, Diputados convoc\u00f3 a una reuni\u00f3n plenaria entre las comisiones de Transporte, y Presupuesto y Hacienda para este mi\u00e9rcoles a las 11 para iniciar el tratamiento respecto a&#8230;<\/p>\n","protected":false},"author":3,"featured_media":83676,"comment_status":"closed","ping_status":"closed","sticky":false,"template":"","format":"standard","meta":[],"categories":[18],"tags":[],"_links":{"self":[{"href":"https:\/\/www.actualidadadiario.com\/index.php\/wp-json\/wp\/v2\/posts\/120514"}],"collection":[{"href":"https:\/\/www.actualidadadiario.com\/index.php\/wp-json\/wp\/v2\/posts"}],"about":[{"href":"https:\/\/www.actualidadadiario.com\/index.php\/wp-json\/wp\/v2\/types\/post"}],"author":[{"embeddable":true,"href":"https:\/\/www.actualidadadiario.com\/index.php\/wp-json\/wp\/v2\/users\/3"}],"replies":[{"embeddable":true,"href":"https:\/\/www.actualidadadiario.com\/index.php\/wp-json\/wp\/v2\/comments?post=120514"}],"version-history":[{"count":1,"href":"https:\/\/www.actualidadadiario.com\/index.php\/wp-json\/wp\/v2\/posts\/120514\/revisions"}],"predecessor-version":[{"id":120515,"href":"https:\/\/www.actualidadadiario.com\/index.php\/wp-json\/wp\/v2\/posts\/120514\/revisions\/120515"}],"wp:featuredmedia":[{"embeddable":true,"href":"https:\/\/www.actualidadadiario.com\/index.php\/wp-json\/wp\/v2\/media\/83676"}],"wp:attachment":[{"href":"https:\/\/www.actualidadadiario.com\/index.php\/wp-json\/wp\/v2\/media?parent=120514"}],"wp:term":[{"taxonomy":"category","embeddable":true,"href":"https:\/\/www.actualidadadiario.com\/index.php\/wp-json\/wp\/v2\/categories?post=120514"},{"taxonomy":"post_tag","embeddable":true,"href":"https:\/\/www.actualidadadiario.com\/index.php\/wp-json\/wp\/v2\/tags?post=120514"}],"curies":[{"name":"wp","href":"https:\/\/api.w.org\/{rel}","templated":true}]}}