{"id":120512,"date":"2024-09-23T16:50:01","date_gmt":"2024-09-23T19:50:01","guid":{"rendered":"https:\/\/www.actualidadadiario.com\/?p=120512"},"modified":"2024-09-23T16:50:01","modified_gmt":"2024-09-23T19:50:01","slug":"francos-confirmo-que-habra-cortes-de-luz-programados-y-defendio-los-aumentos-en-tarifas","status":"publish","type":"post","link":"https:\/\/www.actualidadadiario.com\/index.php\/2024\/09\/23\/francos-confirmo-que-habra-cortes-de-luz-programados-y-defendio-los-aumentos-en-tarifas\/","title":{"rendered":"Francos confirm\u00f3 que habr\u00e1 cortes de luz programados y defendi\u00f3 los aumentos en tarifas"},"content":{"rendered":"<p style=\"text-align: center;\"><em><strong>&#8220;Lamentablemente, no han habido inversiones, va a faltar generaci\u00f3n&#8221;, reconoci\u00f3 el jefe de Gabinete. \u00bfQu\u00e9 dijo sobre los subsidios?<\/strong><\/em><\/p>\n<p>&nbsp;<\/p>\n<p>&nbsp;<\/p>\n<p>El Gobierno nacional anticip\u00f3 que habr\u00e1 cortes de luz programados durante el verano ante la alta demanda de electricidad y la falta de generaci\u00f3n que vaticinan para los primeros meses del 2025. &#8220;Va a haber una programaci\u00f3n, est\u00e1 analiz\u00e1ndose&#8221;, admiti\u00f3 el jefe de Gabinete, Guillermo Francos.<\/p>\n<p>&#8220;Si viene un verano de mucha temperatura, puede haber una demanda muy alta de electricidad. Lamentablemente, no han habido inversiones, va a faltar generaci\u00f3n y vamos a tener que programar alg\u00fan corte, sobre todo hacer algunos acuerdos con los sectores industriales&#8221;, especific\u00f3 en declaraciones radiales.<\/p>\n<p>&nbsp;<\/p>\n<p><strong>El Gobierno advirti\u00f3 que habr\u00e1 cortes de luz programados en verano<\/strong><\/p>\n<p>En la misma l\u00ednea, aclar\u00f3: &#8220;Es una situaci\u00f3n que viene de a\u00f1os y que hay que encarar seriamente. Hay que encarar inversiones y eventualidades, no podemos estar sujetos a improvisar. La secretar\u00eda de Energ\u00eda est\u00e1 trabajando en el tema&#8221;.<\/p>\n<p>El titular de ministros defendi\u00f3 adem\u00e1s los aumentos de tarifas como medida para &#8220;sincerar&#8221; los valores y evitar que el Estado se haga cargo de un porcentaje de los costos a modo de subsidios.<\/p>\n<p>&nbsp;<\/p>\n<p><strong>Francos pidi\u00f3 bajar subsidios y otro aumento de tarifas<\/strong><\/p>\n<p>&#8220;Una cosa no tiene que ver con la otra. Si no hay una generaci\u00f3n razonable, no se puede pedir inversi\u00f3n&#8221;, remarc\u00f3, y agreg\u00f3: &#8220;Hay que aumentar la tarifa porque si no debe subsidiar el Estado y hay que terminar con los subsidios para no tener que generar deuda, emisi\u00f3n, y no tener que generar inflaci\u00f3n, que es el objetivo fundamental&#8221;.<\/p>\n<p>Los dichos de Francos van en sinton\u00eda con el anticipo del secretario coordinador de Energ\u00eda y Miner\u00eda, Daniel Gonz\u00e1lez, quien plante\u00f3 que &#8220;va a ser un verano complicado&#8221;.<\/p>\n<p>&#8220;Tenemos restricciones del sector el\u00e9ctrico, en especial en transmisi\u00f3n. Va a ser un verano complicado&#8221;, sostuvo, al tiempo que identific\u00f3 que el problema energ\u00e9tico estar\u00e1 en la generaci\u00f3n que, seg\u00fan aclar\u00f3, &#8220;va a ser dif\u00edcil dependiendo de las temperaturas y de la situaci\u00f3n h\u00eddrica&#8221;.<\/p>\n<p>Por su parte, el secretario anunci\u00f3 la puesta en pie de un comit\u00e9 que &#8220;est\u00e1 trabajando en medidas de mitigaci\u00f3n&#8221;, al tiempo que aclar\u00f3 que esas soluciones deben ser &#8220;del mercado, las soluciones de fondo van a tomar tiempo&#8221;.<\/p>\n","protected":false},"excerpt":{"rendered":"<p>&#8220;Lamentablemente, no han habido inversiones, va a faltar generaci\u00f3n&#8221;, reconoci\u00f3 el jefe de Gabinete. \u00bfQu\u00e9 dijo sobre los subsidios? &nbsp; &nbsp; El Gobierno nacional anticip\u00f3 que habr\u00e1 cortes de luz programados durante el verano ante la alta demanda de electricidad y la falta de generaci\u00f3n que vaticinan para los primeros meses del 2025. &#8220;Va a haber una programaci\u00f3n, est\u00e1 analiz\u00e1ndose&#8221;, admiti\u00f3 el jefe de Gabinete, Guillermo Francos. &#8220;Si viene un verano de mucha temperatura, puede haber una demanda muy alta de electricidad. Lamentablemente, no han habido inversiones, va a faltar&#8230;<\/p>\n","protected":false},"author":3,"featured_media":117567,"comment_status":"closed","ping_status":"closed","sticky":false,"template":"","format":"standard","meta":[],"categories":[18],"tags":[],"_links":{"self":[{"href":"https:\/\/www.actualidadadiario.com\/index.php\/wp-json\/wp\/v2\/posts\/120512"}],"collection":[{"href":"https:\/\/www.actualidadadiario.com\/index.php\/wp-json\/wp\/v2\/posts"}],"about":[{"href":"https:\/\/www.actualidadadiario.com\/index.php\/wp-json\/wp\/v2\/types\/post"}],"author":[{"embeddable":true,"href":"https:\/\/www.actualidadadiario.com\/index.php\/wp-json\/wp\/v2\/users\/3"}],"replies":[{"embeddable":true,"href":"https:\/\/www.actualidadadiario.com\/index.php\/wp-json\/wp\/v2\/comments?post=120512"}],"version-history":[{"count":1,"href":"https:\/\/www.actualidadadiario.com\/index.php\/wp-json\/wp\/v2\/posts\/120512\/revisions"}],"predecessor-version":[{"id":120513,"href":"https:\/\/www.actualidadadiario.com\/index.php\/wp-json\/wp\/v2\/posts\/120512\/revisions\/120513"}],"wp:featuredmedia":[{"embeddable":true,"href":"https:\/\/www.actualidadadiario.com\/index.php\/wp-json\/wp\/v2\/media\/117567"}],"wp:attachment":[{"href":"https:\/\/www.actualidadadiario.com\/index.php\/wp-json\/wp\/v2\/media?parent=120512"}],"wp:term":[{"taxonomy":"category","embeddable":true,"href":"https:\/\/www.actualidadadiario.com\/index.php\/wp-json\/wp\/v2\/categories?post=120512"},{"taxonomy":"post_tag","embeddable":true,"href":"https:\/\/www.actualidadadiario.com\/index.php\/wp-json\/wp\/v2\/tags?post=120512"}],"curies":[{"name":"wp","href":"https:\/\/api.w.org\/{rel}","templated":true}]}}