{"id":120509,"date":"2024-09-23T16:49:19","date_gmt":"2024-09-23T19:49:19","guid":{"rendered":"https:\/\/www.actualidadadiario.com\/?p=120509"},"modified":"2024-09-23T16:49:19","modified_gmt":"2024-09-23T19:49:19","slug":"milei-abrio-la-bolsa-de-nueva-york-en-el-arranque-de-su-gira-por-eeuu-y-reafirmo-que-el-equilibrio-fiscal-es-inquebrantable","status":"publish","type":"post","link":"https:\/\/www.actualidadadiario.com\/index.php\/2024\/09\/23\/milei-abrio-la-bolsa-de-nueva-york-en-el-arranque-de-su-gira-por-eeuu-y-reafirmo-que-el-equilibrio-fiscal-es-inquebrantable\/","title":{"rendered":"Milei abri\u00f3 la Bolsa de Nueva York en el arranque de su gira por EEUU y reafirm\u00f3 que el equilibrio fiscal \u201ces inquebrantable\u201d"},"content":{"rendered":"<p style=\"text-align: center;\"><em><strong>El domingo desayun\u00f3 con el economista Alberto Ades, junto a la secretaria general de la Presidencia, Karina Milei, y el embajador de la Argentina en Washington, Gerardo Werthein. Este lunes, disert\u00f3 en la apertura de la jornada burs\u00e1til en la Bolsa de Valores de Nueva York y mantendr\u00e1 reuniones con Elon Musk, el vicepresidente de Pol\u00edtica Global y Asuntos Gubernamentales de Google, Karan Bhatia; con su par de Ecuador, Daniel Noboa; y con la presidenta de la Comisi\u00f3n Europea, \u00darsula von der Leyen<\/strong><\/em><\/p>\n<p>&nbsp;<\/p>\n<p>&nbsp;<\/p>\n<p>El presidente Javier Milei inici\u00f3 este domingo su gira por los Estados Unidos y este lunes, ante 200 invitados, entre empresarios, inversores y traders, tras la presentaci\u00f3n del presidente del New York Stock Exchange, Lynn Martin, Milei dio un discurso de m\u00e1s de media hora en el hist\u00f3rico edificio de la bolsa de Nueva York en el que refirm\u00f3 que el compromiso de su Gobierno con el equilibrio fiscal \u201ces inquebrantable y no estamos dispuestos a negociarlo\u201d.<\/p>\n<p>Seg\u00fan el mandatario, \u201cla Argentina se est\u00e1 poniendo de pie abrazando las ideas de la libertad\u201d y su gesti\u00f3n est\u00e1 \u201ccomprometida con hacer el mejor gobierno de la historia y estamos convencidos que lo vamos a lograr\u201d.<\/p>\n<p>Adem\u00e1s, en su repaso a casi 10 meses del inicio de su mandato, Milei asegur\u00f3 que, al momento de arribar al gobierno, \u201cb\u00e1sicamente Argentina estaba al borde de lo que hubiera sido la peor crisis de su historia. Combinaba los elementos de las tres m\u00e1s grandes crisis de la historia argentina\u201d y, para modificar ese rumbo, \u201cradicalizamos el corte de la emisi\u00f3n monetaria. Y ahora la inflaci\u00f3n mayorista es del 2,1% mensual\u201d, relat\u00f3, para sentenciar que Luis Caputo, presente all\u00ed, \u201cva a ser recordado como el mejor ministro de Econom\u00eda de la historia. Vamos a domar la inflaci\u00f3n, eso est\u00e1 en marcha\u201d, sostuvo el presidente.<\/p>\n<p>Con respecto a la salida del cepo cambiario, Milei dijo que el pa\u00eds podr\u00e1 salir de las restricciones al d\u00f3lar \u201ccuando la inflaci\u00f3n inducida por el programa dado por control de capitales desaparezca. All\u00ed, podremos salir del cepo sin ning\u00fan tipo de problemas, porque ya no tendr\u00e1n balas para cargar las armas que puedan tirar la estabilidad macroecon\u00f3mica\u201d. Y reafirm\u00f3: \u201cEl cepo lo vamos a liberar cuando la tasa de inflaci\u00f3n que tiene el programa macroecon\u00f3mico sea cero\u201d.<\/p>\n<p>De acuerdo a su visi\u00f3n, \u201ca diferencia de todas las otras experiencias que salieron con el tipo de cambio oficial hacia el paralelo, estamos demostrando que se puede hacer desde el paralelo hacia el oficial y, el d\u00eda que terminemos de levantar el cepo se cerrar\u00e1 el exceso de demanda de divisas. Por ende, se cerrar\u00e1 el exceso de oferta en el mercado de bonos\u201d, explic\u00f3, ante de profundizar en un tema que, sabe bien, preocupa a los posibles inversionistas: \u201cCuando decimos que se va a cerrar la brecha desde arriba hacia abajo, lo estamos cumpliendo. Hoy la brecha se est\u00e1 comprimiendo a menos del 10%. El d\u00eda que levantemos el cepo, se cerrar\u00e1 el exceso de oferta en el mercado de bienes, habr\u00e1 una expansi\u00f3n adicional de la actividad econ\u00f3mica y tambi\u00e9n se cerrar\u00e1 el exceso de oferta de trabajo\u201d, vaticin\u00f3.<\/p>\n<p>Y concluy\u00f3: \u201cVamos a liberar el cepo cuando ya no haya ning\u00fan riesgo de desestabilizaci\u00f3n, cuando el exceso de pesos en la econom\u00eda haya desaparecido por completo. El levantamiento del cepo va a permitir que el pa\u00eds acelere la acumulaci\u00f3n de capital, lo que llevar\u00e1 a una expansi\u00f3n econ\u00f3mica, mayor empleo y mejores salarios\u201d.<\/p>\n<p>&nbsp;<\/p>\n<p><strong>La defensa a la pol\u00edtica social<\/strong><\/p>\n<p>En otro pasaje de su exposici\u00f3n, el mandatario hizo eco de las cr\u00edticas a la pol\u00edtica social de su administraci\u00f3n y destac\u00f3 la tarea de alguno de sus ministros.<\/p>\n<p>\u201cMuchos me cuestionan la pol\u00edtica social. Dicen que no tenemos coraz\u00f3n, yo dir\u00eda que no tienen cerebro los que hacen ese comentario\u201d, sentenci\u00f3 en lo que puede ser interpretado como una respuesta a los recientes cuestionamientos del Papa Francisco.<\/p>\n<p>El libertario celebr\u00f3 el protocolo de seguridad que dise\u00f1\u00f3 e impuls\u00f3 la ministra de Seguridad, Patricia Bullrich, al remarcar que se cumplen \u201ccuatro meses sin que haya un piquete\u201d, pese a que el Sumo Pont\u00edfice rechaz\u00f3 el uso del gas pimienta contra los manifestantes.<\/p>\n<p>Tambi\u00e9n hubo elogios para el jefe de gabinete, Guillermo Francos, por su articulaci\u00f3n con el Congreso y por \u201cconseguir tama\u00f1os resultados en las reformas\u201d, y para el ministro de Desregulaci\u00f3n y Transformaci\u00f3n del Estado, Federico Sturzenegger, al que mencion\u00f3 como \u201cotro grandioso ministro\u201d.<\/p>\n<p>\u201cLo vamos a dar todo para ser el pa\u00eds m\u00e1s libre del mundo\u201d, confes\u00f3, y agreg\u00f3: \u201cLo que necesitamos es coraje, y si hay algo que me sobra es coraje\u201d.<\/p>\n<p>Por \u00faltimo, y antes de cerrar con su habitual \u201cViva la Libertad, carajo\u201d, afirm\u00f3 que \u201cla Argentina se est\u00e1 poniendo de pie, abrazando las ideas de la libertad\u201d, y resalt\u00f3 su compromiso de protagonizar \u201cel mejor gobierno de la historia\u201d. \u201cQueremos ser un faro de luz para que dejen las ideas socialistas\u201d, concluy\u00f3.<\/p>\n<p>Lo acompa\u00f1aron en la Bolsa de Nueva York su hermana Karina, Luis Caputo, la canciller Diana Mondino, la ministra de Seguridad, Patricia Bullrich; el embajador de la Argentina en los Estados Unidos, Gerardo Wertheim; y el asesor presidencial Demian Reidel, adem\u00e1s de la presidenta de la Bolsa Stacey Cunningham.<\/p>\n<p>Para la presencia de Milei en la apertura de la jornada burs\u00e1til en la Bolsa de Valores de Nueva York, se colocaron banderas argentinas para que el manbdatario realice el tradicional toque de campana, como lo hicieron los expresidentes argentinos N\u00e9stor Kirchner (2006) y Carlos Menem (1989).<\/p>\n<p>&nbsp;<\/p>\n<p><strong>La agenda de Milei en EEUU<\/strong><\/p>\n<p>La gira hab\u00eda comenzado el domingo, con una reuni\u00f3n con un economista argentino Alberto Ades, del que tambi\u00e9n participaron la secretaria general de la Presidencia, Karina Milei, y el embajador de la Argentina en Estados Unidos, Gerardo Werthein.<\/p>\n<p>En su cuenta de la red social X, agreg\u00f3: \u201cUn privilegio intercambiar opiniones con ellos sobre la coyuntura econ\u00f3mica y pol\u00edtica en nuestro pa\u00eds y los Estados Unidos\u201d.<\/p>\n<p>La delegaci\u00f3n presidencial est\u00e1 conformada por el ministro de Econom\u00eda, Luis Caputo; la ministra de Seguridad, Patricia Bullrich; la secretaria General de la Presidencia, Karina Milei; y la canciller, Diana Mondino. Podr\u00eda sumarse a la delegaci\u00f3n el titular del Banco Central, Santiago Bausili.<\/p>\n<p>Tras la reuni\u00f3n con Ades, el mandatario se reuni\u00f3 este domingo con periodistas del New York Times en la sede del peri\u00f3dico estadounidense.<\/p>\n<p>El lunes por la ma\u00f1ana particip\u00f3 de la apertura de la jornada burs\u00e1til en la Bolsa de Valores de Nueva York.<\/p>\n<p>En su sexta visita a Estados Unidos, el mandatario tiene previsto entrevistarse este mediod\u00eda por tercera vez con el Director Ejecutivo de Tesla, Elon Musk, luego de sus intercambios en Texas, en la f\u00e1brica de Tesla, y en Los \u00c1ngeles, en el marco del encuentro convocado por el Instituto Blinken.<\/p>\n<p>Concluir\u00e1 su jornada con un encuentro con el Consejo de Relaciones Exteriores de Estados Unidos. All\u00ed se espera que tome la palabra en un extenso discurso que durar\u00e1 en torno a los setenta y cinco minutos.<\/p>\n<p>Milei cerrar\u00e1 la jornada del lunes con una exposici\u00f3n de poco m\u00e1s de 10 minutos ante autoridades del Consejo de Relaciones Exteriores de Estados Unidos.<\/p>\n<p>El martes, en la previa a la Asamblea de la ONU, el mandatario se reunir\u00e1 a las 15 con el vicepresidente de Pol\u00edtica Global y Asuntos Gubernamentales de Google, Karan Bhatia.<\/p>\n<p>A las 16, tomar\u00e1 la palabra por primera vez en la 79\u00b0 Asamblea General de las Naciones Unidas, donde se espera que hable en el cuarto turno, lejos de su par de Ir\u00e1n, Masoud Pezeshkian, con quien quiere evitar cruzarse.<\/p>\n<p>El contenido de su discurso ser\u00e1 similar al que pronunci\u00f3 a principios de a\u00f1o en el Foro de Davos, y se centrar\u00e1 en cuestionar la Agenda 2030. No es la primera vez que el libertario rechaza el cambio clim\u00e1tico y las pol\u00edticas de igualdad de g\u00e9nero, por lo que se dedicar\u00e1 a profundizar su ya conocida posici\u00f3n.<\/p>\n<p>Tambi\u00e9n dedicar\u00e1 algunos minutos de su exposici\u00f3n a cuestionar el \u201calineamiento\u201d de la ONU con la Rep\u00fablica Popular China, gobernado por el Partido Comunista Chino. \u201cEl Presidente est\u00e1 m\u00e1s alineado con los valores occidentales\u201d, admiti\u00f3 una fuente del entorno con injerencia en sus discursos.<\/p>\n<p>Lo cierto es que en Casa Rosada consideran que la ONU \u201ctrabajan bajo el servicio de China\u201d, por lo que el mandatario expondr\u00e1 sus diferencias al respecto.<\/p>\n<p>Como \u00faltimas actividades, se entrevistar\u00e1 con su par de Ecuador, Daniel Noboa, y a posterior, con la presidenta de la Comisi\u00f3n Europea, \u00darsula von der Leyen.<\/p>\n<p>Est\u00e1 previsto que el mi\u00e9rcoles a primera hora, la delegaci\u00f3n presidencial emprenda el retorno al pa\u00eds.<\/p>\n","protected":false},"excerpt":{"rendered":"<p>El domingo desayun\u00f3 con el economista Alberto Ades, junto a la secretaria general de la Presidencia, Karina Milei, y el embajador de la Argentina en Washington, Gerardo Werthein. Este lunes, disert\u00f3 en la apertura de la jornada burs\u00e1til en la Bolsa de Valores de Nueva York y mantendr\u00e1 reuniones con Elon Musk, el vicepresidente de Pol\u00edtica Global y Asuntos Gubernamentales de Google, Karan Bhatia; con su par de Ecuador, Daniel Noboa; y con la presidenta de la Comisi\u00f3n Europea, \u00darsula von der Leyen &nbsp; &nbsp; El presidente Javier Milei inici\u00f3&#8230;<\/p>\n","protected":false},"author":3,"featured_media":120510,"comment_status":"closed","ping_status":"closed","sticky":false,"template":"","format":"standard","meta":[],"categories":[18],"tags":[],"_links":{"self":[{"href":"https:\/\/www.actualidadadiario.com\/index.php\/wp-json\/wp\/v2\/posts\/120509"}],"collection":[{"href":"https:\/\/www.actualidadadiario.com\/index.php\/wp-json\/wp\/v2\/posts"}],"about":[{"href":"https:\/\/www.actualidadadiario.com\/index.php\/wp-json\/wp\/v2\/types\/post"}],"author":[{"embeddable":true,"href":"https:\/\/www.actualidadadiario.com\/index.php\/wp-json\/wp\/v2\/users\/3"}],"replies":[{"embeddable":true,"href":"https:\/\/www.actualidadadiario.com\/index.php\/wp-json\/wp\/v2\/comments?post=120509"}],"version-history":[{"count":1,"href":"https:\/\/www.actualidadadiario.com\/index.php\/wp-json\/wp\/v2\/posts\/120509\/revisions"}],"predecessor-version":[{"id":120511,"href":"https:\/\/www.actualidadadiario.com\/index.php\/wp-json\/wp\/v2\/posts\/120509\/revisions\/120511"}],"wp:featuredmedia":[{"embeddable":true,"href":"https:\/\/www.actualidadadiario.com\/index.php\/wp-json\/wp\/v2\/media\/120510"}],"wp:attachment":[{"href":"https:\/\/www.actualidadadiario.com\/index.php\/wp-json\/wp\/v2\/media?parent=120509"}],"wp:term":[{"taxonomy":"category","embeddable":true,"href":"https:\/\/www.actualidadadiario.com\/index.php\/wp-json\/wp\/v2\/categories?post=120509"},{"taxonomy":"post_tag","embeddable":true,"href":"https:\/\/www.actualidadadiario.com\/index.php\/wp-json\/wp\/v2\/tags?post=120509"}],"curies":[{"name":"wp","href":"https:\/\/api.w.org\/{rel}","templated":true}]}}