{"id":120506,"date":"2024-09-23T16:48:15","date_gmt":"2024-09-23T19:48:15","guid":{"rendered":"https:\/\/www.actualidadadiario.com\/?p=120506"},"modified":"2024-09-23T16:48:15","modified_gmt":"2024-09-23T19:48:15","slug":"la-argentina-se-bajo-del-pacto-del-futuro-que-firmaron-casi-todos-los-paises-de-la-onu","status":"publish","type":"post","link":"https:\/\/www.actualidadadiario.com\/index.php\/2024\/09\/23\/la-argentina-se-bajo-del-pacto-del-futuro-que-firmaron-casi-todos-los-paises-de-la-onu\/","title":{"rendered":"La Argentina se baj\u00f3 del Pacto del Futuro que firmaron casi todos los pa\u00edses de la ONU"},"content":{"rendered":"<p style=\"text-align: center;\"><em><strong>El Gobierno, a trav\u00e9s de la canciller Diana Mondino, anunci\u00f3 que no se adhiere al documento que hace frente a los inconvenientes de la \u00e9poca<\/strong><\/em><\/p>\n<p>&nbsp;<\/p>\n<p>&nbsp;<\/p>\n<p>El Gobierno anunci\u00f3 que la Argentina no se sumar\u00e1 al Pacto del Futuro de la Organizaci\u00f3n de las Naciones Unidas (ONU). El documento prev\u00e9 56 acciones para hacer frente a los inconvenientes de la \u00e9poca: el mantenimiento de la paz, el cambio clim\u00e1tico y las potenciales amenazas de la inteligencia artificial. Adem\u00e1s, genera la posibilidad de una reforma del Consejo de Seguridad, de la estructura financiera y nuevas regulaciones.<\/p>\n<p>&#8220;Muchos puntos de este Pacto, con sus anexos, presentan muchas reservas, objeciones o son retardatarios de la nueva agenda de Argentina. Estos documentos se vienen trabajando desde 2022, con otro gobierno, y el actual se encontr\u00f3 con negociaciones avanzadas. Aun as\u00ed propusimos diversas acciones constructivas que no siempre fueron tomadas en cuenta y eso nos lleva a disociarnos&#8221;, asegur\u00f3 la canciller, Diana Mondino, ante la ONU.<\/p>\n<p>En tal sentido, la titular del Ministerio de Relaciones Exteriores detall\u00f3 la postura del Gobierno libertario: &#8220;Queremos tener alas para nuestro crecimiento en libertad. Mi pa\u00eds reafirma su compromiso con la soluci\u00f3n pac\u00edfica de controversias y un orden internacional, basado en reglas y valores democr\u00e1ticos. Queremos demostrar que la \u00fanica batalla que vale la pena dar es la cultural. Mostrando que es posible la libertad y paz&#8221;.<\/p>\n<p>Por su parte, el secretario de Culto y Civilizaci\u00f3n, Nahuel Sotelo, en su cuenta de X celebr\u00f3 la determinaci\u00f3n: &#8220;Argentina anuncia la disociaci\u00f3n del Pacto del Futuro. En la nueva Argentina no hay lugar para agendas internacionales totalitarias&#8221;. El mensaje del funcionario estuvo acompa\u00f1ado de una fotograf\u00eda de la canciller al realizar su discurso en el organismo mundial y oficializ\u00f3 la postura de la Argentina.<\/p>\n<p>El Gobierno no adhiri\u00f3 al escrito, que s\u00ed fue firmado por 193 pa\u00edses en Nueva York, donde se realizar\u00e1 la Asamblea General de la ONU. &#8220;Sentar\u00e1 las bases de un orden mundial sostenible, justo y pac\u00edfico para todos los pueblos y naciones&#8221;, detall\u00f3 el secretario general, el portugu\u00e9s Ant\u00f3nio Guterres, en su discurso de apertura.<\/p>\n","protected":false},"excerpt":{"rendered":"<p>El Gobierno, a trav\u00e9s de la canciller Diana Mondino, anunci\u00f3 que no se adhiere al documento que hace frente a los inconvenientes de la \u00e9poca &nbsp; &nbsp; El Gobierno anunci\u00f3 que la Argentina no se sumar\u00e1 al Pacto del Futuro de la Organizaci\u00f3n de las Naciones Unidas (ONU). El documento prev\u00e9 56 acciones para hacer frente a los inconvenientes de la \u00e9poca: el mantenimiento de la paz, el cambio clim\u00e1tico y las potenciales amenazas de la inteligencia artificial. Adem\u00e1s, genera la posibilidad de una reforma del Consejo de Seguridad, de&#8230;<\/p>\n","protected":false},"author":3,"featured_media":120507,"comment_status":"closed","ping_status":"closed","sticky":false,"template":"","format":"standard","meta":[],"categories":[18],"tags":[],"_links":{"self":[{"href":"https:\/\/www.actualidadadiario.com\/index.php\/wp-json\/wp\/v2\/posts\/120506"}],"collection":[{"href":"https:\/\/www.actualidadadiario.com\/index.php\/wp-json\/wp\/v2\/posts"}],"about":[{"href":"https:\/\/www.actualidadadiario.com\/index.php\/wp-json\/wp\/v2\/types\/post"}],"author":[{"embeddable":true,"href":"https:\/\/www.actualidadadiario.com\/index.php\/wp-json\/wp\/v2\/users\/3"}],"replies":[{"embeddable":true,"href":"https:\/\/www.actualidadadiario.com\/index.php\/wp-json\/wp\/v2\/comments?post=120506"}],"version-history":[{"count":1,"href":"https:\/\/www.actualidadadiario.com\/index.php\/wp-json\/wp\/v2\/posts\/120506\/revisions"}],"predecessor-version":[{"id":120508,"href":"https:\/\/www.actualidadadiario.com\/index.php\/wp-json\/wp\/v2\/posts\/120506\/revisions\/120508"}],"wp:featuredmedia":[{"embeddable":true,"href":"https:\/\/www.actualidadadiario.com\/index.php\/wp-json\/wp\/v2\/media\/120507"}],"wp:attachment":[{"href":"https:\/\/www.actualidadadiario.com\/index.php\/wp-json\/wp\/v2\/media?parent=120506"}],"wp:term":[{"taxonomy":"category","embeddable":true,"href":"https:\/\/www.actualidadadiario.com\/index.php\/wp-json\/wp\/v2\/categories?post=120506"},{"taxonomy":"post_tag","embeddable":true,"href":"https:\/\/www.actualidadadiario.com\/index.php\/wp-json\/wp\/v2\/tags?post=120506"}],"curies":[{"name":"wp","href":"https:\/\/api.w.org\/{rel}","templated":true}]}}