{"id":120501,"date":"2024-09-23T16:22:33","date_gmt":"2024-09-23T19:22:33","guid":{"rendered":"https:\/\/www.actualidadadiario.com\/?p=120501"},"modified":"2024-09-23T16:22:33","modified_gmt":"2024-09-23T19:22:33","slug":"encuesta-dos-tercios-rechazan-el-rumbo-del-gobierno-y-cuestionan-el-veto-al-aumento-a-los-jubilados","status":"publish","type":"post","link":"https:\/\/www.actualidadadiario.com\/index.php\/2024\/09\/23\/encuesta-dos-tercios-rechazan-el-rumbo-del-gobierno-y-cuestionan-el-veto-al-aumento-a-los-jubilados\/","title":{"rendered":"Encuesta: dos tercios rechazan el rumbo del gobierno y cuestionan el veto al aumento a los jubilados"},"content":{"rendered":"<p style=\"text-align: center;\"><em><strong>Un estudio de la Universidad de San Andr\u00e9s tiene datos alarmantes para el gobierno: el 70% rechaza los ataques a periodistas y el 80% pide mejorar el presupuesto en salud, educaci\u00f3n y jubilaciones<\/strong><\/em><\/p>\n<p>&nbsp;<\/p>\n<p>&nbsp;<\/p>\n<p>La habitual encuesta de Satisfacci\u00f3n Pol\u00edtica y Opini\u00f3n P\u00fablica de la Universidad de San Andr\u00e9s arroja resultados alarmantes para el gobierno de Javier Milei, en l\u00ednea con el sondeo de Poliarqu\u00eda que detect\u00f3 un desplome de la imagen del presidente en septiembre.<\/p>\n<p>El trabajo de UdeSA muestra una fuerte insatisfacci\u00f3n sobre la marcha del gobierno, un alto rechazo al veto al aumento a los jubilados y una preocupaci\u00f3n creciente sobre los bajos salarios y la pobreza, entre otras se\u00f1ales de alarma para la Casa Rosada.<\/p>\n<p>La encuesta muestra que el 65% de los consultados est\u00e1 insatisfecho con la marcha general de las cosas, una cifra que crece diez puntos respecto a la medici\u00f3n de julio y que es mayor en la clase baja y entre los j\u00f3venes.<\/p>\n<p>Ese n\u00famero todav\u00eda no impacta de lleno en la imagen del gobierno, que se mantiene estable con un rechazo del 51% y una aprobaci\u00f3n del 46%. En cuanto a la imagen de Milei, la positiva es del 43% y la negativa del 52%.<\/p>\n<p>Entre los funcionarios, Patricia Bullrich es la mejor evaluada (43% entre buena y muy buena) mientras que Karina Milei es la peor considerada (40% muy mala y 15% mala).<\/p>\n<p>El 52% de los consultados cree que la situaci\u00f3n del pa\u00eds empeor\u00f3, mientras que aumenta la preocupaci\u00f3n por los bajos salarios y la pobreza que son identificados como los principales problemas del pa\u00eds. Esto se da como contracara de la ca\u00edda de la preocupaci\u00f3n sobre la inflaci\u00f3n.<\/p>\n<p>El rechazo es muy alto sobre medidas puntuales del gobierno como el veto al aumento a los jubilados, que fue celebrado por Milei con un gran asado para los diputados que lo apoyaron. El 62% dijo estar en contra de esa medida, apoyada solamente por el 19%.<\/p>\n<p>Otra medida muy cuestionada son las restricciones al acceso a la informaci\u00f3n p\u00fablica, condenado por el 61% de los consultados. Un 45% tambi\u00e9n se opone a la postulaci\u00f3n de Ariel Lijo para la Corte, apoyada solo por el 10%.<\/p>\n<p>Adem\u00e1s, el 51% de los encuestados prefiere un Estado m\u00e1s grande y una enorme mayor\u00eda le reclama a Milei m\u00e1s presupuesto para Salud p\u00fablica (82%), jubilaciones (82%) y Educaci\u00f3n (77%).<\/p>\n<p>Finalmente, un dato interesante es que el 70% de los consultados por UdeSA rechaza las agresiones de Milei y el oficialismo contra el periodismo.<\/p>\n","protected":false},"excerpt":{"rendered":"<p>Un estudio de la Universidad de San Andr\u00e9s tiene datos alarmantes para el gobierno: el 70% rechaza los ataques a periodistas y el 80% pide mejorar el presupuesto en salud, educaci\u00f3n y jubilaciones &nbsp; &nbsp; La habitual encuesta de Satisfacci\u00f3n Pol\u00edtica y Opini\u00f3n P\u00fablica de la Universidad de San Andr\u00e9s arroja resultados alarmantes para el gobierno de Javier Milei, en l\u00ednea con el sondeo de Poliarqu\u00eda que detect\u00f3 un desplome de la imagen del presidente en septiembre. El trabajo de UdeSA muestra una fuerte insatisfacci\u00f3n sobre la marcha del gobierno,&#8230;<\/p>\n","protected":false},"author":3,"featured_media":117972,"comment_status":"closed","ping_status":"closed","sticky":false,"template":"","format":"standard","meta":[],"categories":[9],"tags":[],"_links":{"self":[{"href":"https:\/\/www.actualidadadiario.com\/index.php\/wp-json\/wp\/v2\/posts\/120501"}],"collection":[{"href":"https:\/\/www.actualidadadiario.com\/index.php\/wp-json\/wp\/v2\/posts"}],"about":[{"href":"https:\/\/www.actualidadadiario.com\/index.php\/wp-json\/wp\/v2\/types\/post"}],"author":[{"embeddable":true,"href":"https:\/\/www.actualidadadiario.com\/index.php\/wp-json\/wp\/v2\/users\/3"}],"replies":[{"embeddable":true,"href":"https:\/\/www.actualidadadiario.com\/index.php\/wp-json\/wp\/v2\/comments?post=120501"}],"version-history":[{"count":1,"href":"https:\/\/www.actualidadadiario.com\/index.php\/wp-json\/wp\/v2\/posts\/120501\/revisions"}],"predecessor-version":[{"id":120502,"href":"https:\/\/www.actualidadadiario.com\/index.php\/wp-json\/wp\/v2\/posts\/120501\/revisions\/120502"}],"wp:featuredmedia":[{"embeddable":true,"href":"https:\/\/www.actualidadadiario.com\/index.php\/wp-json\/wp\/v2\/media\/117972"}],"wp:attachment":[{"href":"https:\/\/www.actualidadadiario.com\/index.php\/wp-json\/wp\/v2\/media?parent=120501"}],"wp:term":[{"taxonomy":"category","embeddable":true,"href":"https:\/\/www.actualidadadiario.com\/index.php\/wp-json\/wp\/v2\/categories?post=120501"},{"taxonomy":"post_tag","embeddable":true,"href":"https:\/\/www.actualidadadiario.com\/index.php\/wp-json\/wp\/v2\/tags?post=120501"}],"curies":[{"name":"wp","href":"https:\/\/api.w.org\/{rel}","templated":true}]}}