{"id":120491,"date":"2024-09-23T15:59:24","date_gmt":"2024-09-23T18:59:24","guid":{"rendered":"https:\/\/www.actualidadadiario.com\/?p=120491"},"modified":"2024-09-23T15:59:24","modified_gmt":"2024-09-23T18:59:24","slug":"comienza-una-semana-que-va-a-tener-otros-dos-dias-de-paro-universitario","status":"publish","type":"post","link":"https:\/\/www.actualidadadiario.com\/index.php\/2024\/09\/23\/comienza-una-semana-que-va-a-tener-otros-dos-dias-de-paro-universitario\/","title":{"rendered":"Comienza una semana que va a tener otros dos d\u00edas de paro universitario"},"content":{"rendered":"<p style=\"text-align: center;\"><em><strong>Fue anunciado para jueves y viernes y podr\u00eda complicar el dictado de clases en la UNS<\/strong><\/em><\/p>\n<p>&nbsp;<\/p>\n<p>&nbsp;<\/p>\n<p>Esta semana va a haber un nuevo paro en universidades nacionales, convocado en esta oportunidad por Conadu y Conadu Hist\u00f3rica.<\/p>\n<p>La medida de fuerza se va a desarrollar los d\u00edas jueves 26 y viernes 27 y puede afectar el normal dictado de clases en distintas dependencias de la UNS.<\/p>\n<p>Adem\u00e1s, se llam\u00f3 para el 2 de octubre a otra Marcha Nacional Universitaria.<\/p>\n<p>El fundamento de la huelga es el rechazo al veto del presidente Milei a la Ley de Financiamiento Universitario aprobada en el Congreso. Y en ese contexto, denuncian una p\u00e9rdida del poder adquisitivo que ya supera el 75% desde diciembre pasado.<\/p>\n","protected":false},"excerpt":{"rendered":"<p>Fue anunciado para jueves y viernes y podr\u00eda complicar el dictado de clases en la UNS &nbsp; &nbsp; Esta semana va a haber un nuevo paro en universidades nacionales, convocado en esta oportunidad por Conadu y Conadu Hist\u00f3rica. La medida de fuerza se va a desarrollar los d\u00edas jueves 26 y viernes 27 y puede afectar el normal dictado de clases en distintas dependencias de la UNS. Adem\u00e1s, se llam\u00f3 para el 2 de octubre a otra Marcha Nacional Universitaria. El fundamento de la huelga es el rechazo al veto&#8230;<\/p>\n","protected":false},"author":3,"featured_media":120410,"comment_status":"closed","ping_status":"closed","sticky":false,"template":"","format":"standard","meta":[],"categories":[2],"tags":[],"_links":{"self":[{"href":"https:\/\/www.actualidadadiario.com\/index.php\/wp-json\/wp\/v2\/posts\/120491"}],"collection":[{"href":"https:\/\/www.actualidadadiario.com\/index.php\/wp-json\/wp\/v2\/posts"}],"about":[{"href":"https:\/\/www.actualidadadiario.com\/index.php\/wp-json\/wp\/v2\/types\/post"}],"author":[{"embeddable":true,"href":"https:\/\/www.actualidadadiario.com\/index.php\/wp-json\/wp\/v2\/users\/3"}],"replies":[{"embeddable":true,"href":"https:\/\/www.actualidadadiario.com\/index.php\/wp-json\/wp\/v2\/comments?post=120491"}],"version-history":[{"count":1,"href":"https:\/\/www.actualidadadiario.com\/index.php\/wp-json\/wp\/v2\/posts\/120491\/revisions"}],"predecessor-version":[{"id":120492,"href":"https:\/\/www.actualidadadiario.com\/index.php\/wp-json\/wp\/v2\/posts\/120491\/revisions\/120492"}],"wp:featuredmedia":[{"embeddable":true,"href":"https:\/\/www.actualidadadiario.com\/index.php\/wp-json\/wp\/v2\/media\/120410"}],"wp:attachment":[{"href":"https:\/\/www.actualidadadiario.com\/index.php\/wp-json\/wp\/v2\/media?parent=120491"}],"wp:term":[{"taxonomy":"category","embeddable":true,"href":"https:\/\/www.actualidadadiario.com\/index.php\/wp-json\/wp\/v2\/categories?post=120491"},{"taxonomy":"post_tag","embeddable":true,"href":"https:\/\/www.actualidadadiario.com\/index.php\/wp-json\/wp\/v2\/tags?post=120491"}],"curies":[{"name":"wp","href":"https:\/\/api.w.org\/{rel}","templated":true}]}}