{"id":120486,"date":"2024-09-23T15:55:59","date_gmt":"2024-09-23T18:55:59","guid":{"rendered":"https:\/\/www.actualidadadiario.com\/?p=120486"},"modified":"2024-09-23T15:55:59","modified_gmt":"2024-09-23T18:55:59","slug":"incendios-forestales-en-cordoba-vientos-y-calor-complican-la-situacion","status":"publish","type":"post","link":"https:\/\/www.actualidadadiario.com\/index.php\/2024\/09\/23\/incendios-forestales-en-cordoba-vientos-y-calor-complican-la-situacion\/","title":{"rendered":"Incendios forestales en C\u00f3rdoba: vientos y calor complican la situaci\u00f3n"},"content":{"rendered":"<p style=\"text-align: center;\"><em><strong>Incendios devastadores en C\u00f3rdoba: con vientos extremos y m\u00e1s de 10 mil hect\u00e1reas quemadas, la lucha contra el fuego sigue sin tregua<\/strong><\/em><\/p>\n<p>&nbsp;<\/p>\n<p>&nbsp;<\/p>\n<p>Los incendios forestales que afectan a distintas zonas de la provincia de C\u00f3rdoba se intensifican este lunes, 23 de septiembre, con cuatro focos activos en Villa Berna, Chancan\u00ed, Capilla del Monte y Ascochinga. Seg\u00fan informaci\u00f3n oficial del gobierno provincial, m\u00e1s de 700 bomberos est\u00e1n desplegados en la lucha contra las llamas, apoyados por aviones hidrantes y helic\u00f3pteros<\/p>\n<p>&nbsp;<\/p>\n<p><strong>Un operativo sin descanso<\/strong><\/p>\n<p>El vocero de la Secretar\u00eda de Gesti\u00f3n de Riesgo Clim\u00e1tico, Roberto Schreiner, inform\u00f3 que las condiciones clim\u00e1ticas son adversas, lo que ha elevado el riesgo de incendio a nivel extremo en todo el territorio provincial. La falta de lluvias y los fuertes vientos complican las tareas de extinci\u00f3n.<\/p>\n<p>\u201cEl fuego sigue activo en sectores de Capilla del Monte, donde no se descarta que el viento siga propagando las llamas. La situaci\u00f3n es cr\u00edtica en San Marcos Sierras, donde los esfuerzos se centran en contener el avance\u201d, explic\u00f3 Schreiner.<\/p>\n<p>&nbsp;<\/p>\n<p><strong>Evacuaciones masivas y rutas cortadas<\/strong><\/p>\n<p>Durante las \u00faltimas horas, la Polic\u00eda de C\u00f3rdoba evacu\u00f3 a m\u00e1s de 400 turistas del Cerro Champaqu\u00ed. Tras once horas de operativo, 220 personas fueron llevadas a Villa Alpina, mientras que otras 215 fueron rescatadas del lugar gracias a la intervenci\u00f3n de los bomberos.<\/p>\n<p>Adem\u00e1s, varias rutas permanecen cortadas debido a la expansi\u00f3n del fuego. La Ruta Provincial S-273, que conecta Villa Berna con Intiyaco, ha sido cerrada, y el tr\u00e1nsito est\u00e1 siendo desviado por los caminos alternativos. Lo mismo ocurre en la Ruta Nacional 38, donde la visibilidad est\u00e1 gravemente afectada por el humo.<\/p>\n<p>&nbsp;<\/p>\n<p><strong>Ayuda de otras provincias y detenciones<\/strong><\/p>\n<p>El gobernador Mart\u00edn Llaryora agradeci\u00f3 en sus redes sociales el apoyo recibido desde Buenos Aires, Santiago del Estero y el Plan Nacional de Manejo del Fuego, que han enviado aeronaves y personal capacitado para asistir en la contenci\u00f3n del incendio.<\/p>\n<p>Por otro lado, se ha detenido a dos personas en el marco de las investigaciones por incendios intencionales. Uno de los detenidos es un joven de 19 a\u00f1os, acusado de iniciar un foco en Capilla del Monte. La provincia ha solicitado ser querellante en las causas judiciales.<\/p>\n<p>Impacto ambiental y social<\/p>\n<p>Hasta el momento, los incendios han devastado m\u00e1s de 10.000 hect\u00e1reas, afectando tanto \u00e1reas productivas como zonas residenciales. El Fondo Permanente para Atenci\u00f3n de Desastres ha sido elevado a 5.000 millones de pesos para hacer frente a los da\u00f1os.<\/p>\n<p>\u201cLo que est\u00e1 ocurriendo en C\u00f3rdoba es un desastre ambiental sin precedentes. Las comunidades afectadas est\u00e1n recibiendo todo el apoyo necesario, pero a\u00fan queda mucho trabajo por delante\u201d, destac\u00f3 un funcionario de Defensa Civil.<\/p>\n<p>El pron\u00f3stico indica que las temperaturas podr\u00edan descender en los pr\u00f3ximos d\u00edas, lo que traer\u00eda un alivio temporal a las zonas afectadas.<\/p>\n","protected":false},"excerpt":{"rendered":"<p>Incendios devastadores en C\u00f3rdoba: con vientos extremos y m\u00e1s de 10 mil hect\u00e1reas quemadas, la lucha contra el fuego sigue sin tregua &nbsp; &nbsp; Los incendios forestales que afectan a distintas zonas de la provincia de C\u00f3rdoba se intensifican este lunes, 23 de septiembre, con cuatro focos activos en Villa Berna, Chancan\u00ed, Capilla del Monte y Ascochinga. Seg\u00fan informaci\u00f3n oficial del gobierno provincial, m\u00e1s de 700 bomberos est\u00e1n desplegados en la lucha contra las llamas, apoyados por aviones hidrantes y helic\u00f3pteros &nbsp; Un operativo sin descanso El vocero de la&#8230;<\/p>\n","protected":false},"author":3,"featured_media":120487,"comment_status":"closed","ping_status":"closed","sticky":false,"template":"","format":"standard","meta":[],"categories":[2],"tags":[],"_links":{"self":[{"href":"https:\/\/www.actualidadadiario.com\/index.php\/wp-json\/wp\/v2\/posts\/120486"}],"collection":[{"href":"https:\/\/www.actualidadadiario.com\/index.php\/wp-json\/wp\/v2\/posts"}],"about":[{"href":"https:\/\/www.actualidadadiario.com\/index.php\/wp-json\/wp\/v2\/types\/post"}],"author":[{"embeddable":true,"href":"https:\/\/www.actualidadadiario.com\/index.php\/wp-json\/wp\/v2\/users\/3"}],"replies":[{"embeddable":true,"href":"https:\/\/www.actualidadadiario.com\/index.php\/wp-json\/wp\/v2\/comments?post=120486"}],"version-history":[{"count":1,"href":"https:\/\/www.actualidadadiario.com\/index.php\/wp-json\/wp\/v2\/posts\/120486\/revisions"}],"predecessor-version":[{"id":120488,"href":"https:\/\/www.actualidadadiario.com\/index.php\/wp-json\/wp\/v2\/posts\/120486\/revisions\/120488"}],"wp:featuredmedia":[{"embeddable":true,"href":"https:\/\/www.actualidadadiario.com\/index.php\/wp-json\/wp\/v2\/media\/120487"}],"wp:attachment":[{"href":"https:\/\/www.actualidadadiario.com\/index.php\/wp-json\/wp\/v2\/media?parent=120486"}],"wp:term":[{"taxonomy":"category","embeddable":true,"href":"https:\/\/www.actualidadadiario.com\/index.php\/wp-json\/wp\/v2\/categories?post=120486"},{"taxonomy":"post_tag","embeddable":true,"href":"https:\/\/www.actualidadadiario.com\/index.php\/wp-json\/wp\/v2\/tags?post=120486"}],"curies":[{"name":"wp","href":"https:\/\/api.w.org\/{rel}","templated":true}]}}