{"id":120483,"date":"2024-09-23T15:54:55","date_gmt":"2024-09-23T18:54:55","guid":{"rendered":"https:\/\/www.actualidadadiario.com\/?p=120483"},"modified":"2024-09-23T15:54:55","modified_gmt":"2024-09-23T18:54:55","slug":"establecen-nuevos-limites-para-acceder-a-las-pensiones-por-invalidez","status":"publish","type":"post","link":"https:\/\/www.actualidadadiario.com\/index.php\/2024\/09\/23\/establecen-nuevos-limites-para-acceder-a-las-pensiones-por-invalidez\/","title":{"rendered":"Establecen nuevos l\u00edmites para acceder a las pensiones por invalidez"},"content":{"rendered":"<p style=\"text-align: center;\"><em><strong>Luego de que una auditor\u00eda de la Agencia Nacional de Discapacidad (ANDIS) detectara irregularidades en el acceso a la prestaci\u00f3n, se endurecieron los requisitos para evitar que se &#8220;dilapiden&#8221; los recursos del Estado<\/strong><\/em><\/p>\n<p>&nbsp;<\/p>\n<p>&nbsp;<\/p>\n<p>El Gobierno limit\u00f3 los requisitos para acceder a las pensiones por invalidez, luego de que una auditor\u00eda de la Agencia Nacional de Discapacidad (ANDIS) detectara que estas prestaciones se otorgaban &#8220;en forma generalizada y sin recaudo alguno&#8221; a personas que no reun\u00edan las condiciones necesarias.<\/p>\n<p>As\u00ed lo estableci\u00f3 el Decreto 843\/2024 que se public\u00f3 este lunes en el Bolet\u00edn Oficial con las firmas del jefe de Gabinete, Guillermo Francos, y el ministro de Salud, Mario Russo, y que restablece el requisito de &#8220;hallarse imposibilitado para trabajar&#8221; para acceder a una pensi\u00f3n no contributiva por invalidez.<\/p>\n<p>El Gobierno argument\u00f3 que la eliminaci\u00f3n de este punto, que hab\u00eda apuntado a la inclusi\u00f3n laboral de las personas en situaci\u00f3n de discapacidad, llev\u00f3 a &#8220;convalidar, en forma generalizada y sin recaudo alguno&#8221;, el otorgamiento de estas pensiones a &#8220;personas que no presentan tal condici\u00f3n, dilapidando con ello los recursos del Estado&#8221;.<\/p>\n<p>&#8220;En consecuencia, resulta necesario restablecer los requisitos de encontrarse incapacitado en forma total y permanente y de no poseer un v\u00ednculo laboral formal ni estar inscripto en el R\u00e9gimen General y\/o Simplificado vigente para poder acceder a la Pensi\u00f3n No Contributiva por Invalidez&#8221;, establece el texto.<\/p>\n<p>Tambi\u00e9n recuerda que &#8220;la Pensi\u00f3n No Contributiva por Invalidez Laboral se encuentra sujeta a revisi\u00f3n y\/o auditor\u00eda m\u00e9dica y socioecon\u00f3mica, y podr\u00e1 pedirse su revalidaci\u00f3n seg\u00fan lo determine la Autoridad competente&#8221;. Esto aplica tanto a las pensiones ya otorgadas como a las que se otorguen en el futuro.<\/p>\n","protected":false},"excerpt":{"rendered":"<p>Luego de que una auditor\u00eda de la Agencia Nacional de Discapacidad (ANDIS) detectara irregularidades en el acceso a la prestaci\u00f3n, se endurecieron los requisitos para evitar que se &#8220;dilapiden&#8221; los recursos del Estado &nbsp; &nbsp; El Gobierno limit\u00f3 los requisitos para acceder a las pensiones por invalidez, luego de que una auditor\u00eda de la Agencia Nacional de Discapacidad (ANDIS) detectara que estas prestaciones se otorgaban &#8220;en forma generalizada y sin recaudo alguno&#8221; a personas que no reun\u00edan las condiciones necesarias. As\u00ed lo estableci\u00f3 el Decreto 843\/2024 que se public\u00f3 este&#8230;<\/p>\n","protected":false},"author":3,"featured_media":120484,"comment_status":"closed","ping_status":"closed","sticky":false,"template":"","format":"standard","meta":[],"categories":[2],"tags":[],"_links":{"self":[{"href":"https:\/\/www.actualidadadiario.com\/index.php\/wp-json\/wp\/v2\/posts\/120483"}],"collection":[{"href":"https:\/\/www.actualidadadiario.com\/index.php\/wp-json\/wp\/v2\/posts"}],"about":[{"href":"https:\/\/www.actualidadadiario.com\/index.php\/wp-json\/wp\/v2\/types\/post"}],"author":[{"embeddable":true,"href":"https:\/\/www.actualidadadiario.com\/index.php\/wp-json\/wp\/v2\/users\/3"}],"replies":[{"embeddable":true,"href":"https:\/\/www.actualidadadiario.com\/index.php\/wp-json\/wp\/v2\/comments?post=120483"}],"version-history":[{"count":1,"href":"https:\/\/www.actualidadadiario.com\/index.php\/wp-json\/wp\/v2\/posts\/120483\/revisions"}],"predecessor-version":[{"id":120485,"href":"https:\/\/www.actualidadadiario.com\/index.php\/wp-json\/wp\/v2\/posts\/120483\/revisions\/120485"}],"wp:featuredmedia":[{"embeddable":true,"href":"https:\/\/www.actualidadadiario.com\/index.php\/wp-json\/wp\/v2\/media\/120484"}],"wp:attachment":[{"href":"https:\/\/www.actualidadadiario.com\/index.php\/wp-json\/wp\/v2\/media?parent=120483"}],"wp:term":[{"taxonomy":"category","embeddable":true,"href":"https:\/\/www.actualidadadiario.com\/index.php\/wp-json\/wp\/v2\/categories?post=120483"},{"taxonomy":"post_tag","embeddable":true,"href":"https:\/\/www.actualidadadiario.com\/index.php\/wp-json\/wp\/v2\/tags?post=120483"}],"curies":[{"name":"wp","href":"https:\/\/api.w.org\/{rel}","templated":true}]}}