{"id":120481,"date":"2024-09-23T15:53:48","date_gmt":"2024-09-23T18:53:48","guid":{"rendered":"https:\/\/www.actualidadadiario.com\/?p=120481"},"modified":"2024-09-23T15:53:48","modified_gmt":"2024-09-23T18:53:48","slug":"la-metalurgia-cayo-en-agosto-y-es-el-peor-registro-mensual-desde-la-salida-de-la-pandemia","status":"publish","type":"post","link":"https:\/\/www.actualidadadiario.com\/index.php\/2024\/09\/23\/la-metalurgia-cayo-en-agosto-y-es-el-peor-registro-mensual-desde-la-salida-de-la-pandemia\/","title":{"rendered":"La metalurgia cay\u00f3 en agosto y es el peor registro mensual desde la salida de la pandemia"},"content":{"rendered":"<p style=\"text-align: center;\"><em><strong>Cay\u00f3 10,2% en forma interanual y se ameset\u00f3 respecto de julio<\/strong><\/em><\/p>\n<p>&nbsp;<\/p>\n<p>&nbsp;<\/p>\n<p>El sector metal\u00fargico en agosto registr\u00f3 una ca\u00edda interanual de 10,2%, mientras que se mantuvo sin cambios con relaci\u00f3n a julio, seg\u00fan un informe de la Asociaci\u00f3n de Industriales Metal\u00fargicos de la Rep\u00fablica Argentina (ADIMRA).<\/p>\n<p>\u201cEs el peor registro mensual desde la salida de la pandemia\u201d, afirmaron desde la entidad.<\/p>\n<p>De esta manera, desde enero la metalurgia acumula una contracci\u00f3n de -15,1% en relaci\u00f3n a los mismos meses del a\u00f1o anterior, mientras que comparado contra diciembre del 2023, la ca\u00edda es de -7,7%.<\/p>\n<p>El informe elaborado por el Departamento de Estudios Econ\u00f3micos de la Asociaci\u00f3n de Industriales Metal\u00fargicos de la Rep\u00fablica Argentina (ADIMRA), se\u00f1ala que la utilizaci\u00f3n de la capacidad instalada es del 48 % y tambi\u00e9n ha registrado una disminuci\u00f3n ubic\u00e1ndose -7,8 puntos porcentuales por debajo del mismo mes del a\u00f1o previo y -10,5% debajo del promedio del 2023.<\/p>\n<p>Respecto a la actividad industrial, comparado el mes de agosto contra el de julio del 2024, la producci\u00f3n tiende a amesetarse ya que no registr\u00f3 variaciones.<\/p>\n<p>En el an\u00e1lisis hacia el interior de la industria metal\u00fargica, podemos observar, nuevamente, una ca\u00edda en todos los subsectores que componen este entramado industrial, a excepci\u00f3n de Carrocer\u00edas y Remolques. Estas disminuciones van desde -4% hasta -15%.<\/p>\n<p>Las empresas proveedoras de las cadenas de valor de la construcci\u00f3n, consumo final y automotriz son las que han demostrado peores desempe\u00f1os relativos, con ca\u00eddas de hasta -14%.<\/p>\n<p>Por otro lado, las que proveen a los sectores de petr\u00f3leo, gas y miner\u00eda siguen demostrando los mejores desempe\u00f1os relativos, pero no lograron crecer con respecto al a\u00f1o previo.<\/p>\n<p>El sector de Fundici\u00f3n (-15,5%), Autopartes (-13,8%) y Equipo El\u00e9ctricos (-13,1%) , han sido de los m\u00e1s afectados durante el mes en curso, mientras que Carrocer\u00eda y remolque (+4,2%) fue uno de los sectores que registr\u00f3 incremento durante el mes.<\/p>\n<p>El presidente de ADIMRA, Elio Del Re, se\u00f1al\u00f3 que \u201cla actividad metal\u00fargica se mantiene en niveles inferiores al promedio hist\u00f3rico, con una tendencia de altibajos que genera incertidumbre. Aunque a\u00fan no podemos hablar de un rebote, estamos monitoreando la situaci\u00f3n de cerca para evaluar las perspectivas, conscientes de que el camino hacia la recuperaci\u00f3n podr\u00eda ser lento y desafiante\u201d.<\/p>\n<p>Con respecto a la situaci\u00f3n de las principales provincias metal\u00fargicas se observan, nuevamente, ca\u00eddas interanuales generalizadas en todas las regiones aunque se observa una\u00a0 desaceleraci\u00f3n con respecto a meses anteriores.<\/p>\n<p>En Santa Fe (-11,1%), la maquinaria agr\u00edcola ha crecido con respecto al a\u00f1o pasado y ha influenciado positivamente al promedio general.\u00a0 Sin embargo, la provincia cay\u00f3 por arriba del promedio metal\u00fargico al igual que C\u00f3rdoba (-13,1).<\/p>\n<p>Mendoza (-7,8%), Entre R\u00edos (-5,1%) y Buenos Aires (-9,2%), por su lado, registraron variaciones por debajo del promedio y leves desaceleraciones en la ca\u00edda con respecto a meses anteriores.<\/p>\n","protected":false},"excerpt":{"rendered":"<p>Cay\u00f3 10,2% en forma interanual y se ameset\u00f3 respecto de julio &nbsp; &nbsp; El sector metal\u00fargico en agosto registr\u00f3 una ca\u00edda interanual de 10,2%, mientras que se mantuvo sin cambios con relaci\u00f3n a julio, seg\u00fan un informe de la Asociaci\u00f3n de Industriales Metal\u00fargicos de la Rep\u00fablica Argentina (ADIMRA). \u201cEs el peor registro mensual desde la salida de la pandemia\u201d, afirmaron desde la entidad. De esta manera, desde enero la metalurgia acumula una contracci\u00f3n de -15,1% en relaci\u00f3n a los mismos meses del a\u00f1o anterior, mientras que comparado contra diciembre del&#8230;<\/p>\n","protected":false},"author":3,"featured_media":86036,"comment_status":"closed","ping_status":"closed","sticky":false,"template":"","format":"standard","meta":[],"categories":[2],"tags":[],"_links":{"self":[{"href":"https:\/\/www.actualidadadiario.com\/index.php\/wp-json\/wp\/v2\/posts\/120481"}],"collection":[{"href":"https:\/\/www.actualidadadiario.com\/index.php\/wp-json\/wp\/v2\/posts"}],"about":[{"href":"https:\/\/www.actualidadadiario.com\/index.php\/wp-json\/wp\/v2\/types\/post"}],"author":[{"embeddable":true,"href":"https:\/\/www.actualidadadiario.com\/index.php\/wp-json\/wp\/v2\/users\/3"}],"replies":[{"embeddable":true,"href":"https:\/\/www.actualidadadiario.com\/index.php\/wp-json\/wp\/v2\/comments?post=120481"}],"version-history":[{"count":1,"href":"https:\/\/www.actualidadadiario.com\/index.php\/wp-json\/wp\/v2\/posts\/120481\/revisions"}],"predecessor-version":[{"id":120482,"href":"https:\/\/www.actualidadadiario.com\/index.php\/wp-json\/wp\/v2\/posts\/120481\/revisions\/120482"}],"wp:featuredmedia":[{"embeddable":true,"href":"https:\/\/www.actualidadadiario.com\/index.php\/wp-json\/wp\/v2\/media\/86036"}],"wp:attachment":[{"href":"https:\/\/www.actualidadadiario.com\/index.php\/wp-json\/wp\/v2\/media?parent=120481"}],"wp:term":[{"taxonomy":"category","embeddable":true,"href":"https:\/\/www.actualidadadiario.com\/index.php\/wp-json\/wp\/v2\/categories?post=120481"},{"taxonomy":"post_tag","embeddable":true,"href":"https:\/\/www.actualidadadiario.com\/index.php\/wp-json\/wp\/v2\/tags?post=120481"}],"curies":[{"name":"wp","href":"https:\/\/api.w.org\/{rel}","templated":true}]}}