{"id":12048,"date":"2017-05-24T09:16:29","date_gmt":"2017-05-24T12:16:29","guid":{"rendered":"http:\/\/actualidadadiario.com\/site\/?p=12048"},"modified":"2017-05-24T09:16:29","modified_gmt":"2017-05-24T12:16:29","slug":"parte-del-credito-internacional-se-destinara-a-las-juntas-de-gobierno","status":"publish","type":"post","link":"https:\/\/www.actualidadadiario.com\/index.php\/2017\/05\/24\/parte-del-credito-internacional-se-destinara-a-las-juntas-de-gobierno\/","title":{"rendered":"Parte del cr\u00e9dito internacional se destinar\u00e1 a las juntas de gobierno"},"content":{"rendered":"<p><em><strong>El gobernador Gustavo Bordet expres\u00f3 su compromiso de que un 3 por ciento del cr\u00e9dito internacional que tom\u00f3 la provincia por 350 millones de d\u00f3lares sea destinado a las juntas de gobierno para equipamiento y obra p\u00fablica. Lo anunci\u00f3 en Concepci\u00f3n del Uruguay junto al intendente Jos\u00e9 Lauritto. Es a partir de un pedido de legisladores de Cambiemos<\/strong><\/em><\/p>\n<p>&nbsp;<\/p>\n<p>&nbsp;<\/p>\n<p>&nbsp;<\/p>\n<p>As\u00ed lo afirm\u00f3 durante el acto de apertura de sobres de la segunda etapa de la obra Plan Maestro de Agua Potable optimizaci\u00f3n de la red de distribuci\u00f3n y obras conexas de Concepci\u00f3n del Uruguay que tuvo lugar este martes en esa ciudad. Tambi\u00e9n firm\u00f3 el llamado a licitaci\u00f3n para la Defensa Norte y la reparaci\u00f3n de la Defensa Sur de esa ciudad.<\/p>\n<p>&nbsp;<\/p>\n<p>Adem\u00e1s estuvo en el Centro de Educaci\u00f3n F\u00edsica N\u00b03 de Concepci\u00f3n del Uruguay para recorrer la pista sint\u00e9tica de atletismo pronta a finalizar. Tendr\u00e1 la misma calidad t\u00e9cnica constructiva que una pista ol\u00edmpica.<\/p>\n<p>&nbsp;<\/p>\n<p>Junto al intendente Jos\u00e9 Lauritto, ministros y legisladores, el mandatario reforz\u00f3 su compromiso de trabajo futuro con todos los municipios: &#8220;Fue aprobado el cr\u00e9dito para los municipios del 16 por ciento del bono que tom\u00f3 la provincia y esto ser\u00e1 una gran herramienta para equipamiento, para poder realizar obras de infraestructura&#8221; expres\u00f3.<\/p>\n<p>&nbsp;<\/p>\n<p>En ese marco tambi\u00e9n anunci\u00f3: &#8220;Me compromet\u00ed, ante una propuesta de los senadores de Cambiemos, a que un tres por ciento de este cr\u00e9dito vaya destinado a equipamiento y obra p\u00fablica para juntas de gobierno. Es la acci\u00f3n reparadora para que puedan desarrollarse las juntas de gobierno, hasta que se sancione la ley de comunas&#8221;, dijo. Se trata de un total de 10,5 millones de d\u00f3lares lo que corresponder\u00e1 a las juntas de gobierno, de los 350 millones que tom\u00f3 la provincia.<\/p>\n<p>&nbsp;<\/p>\n<p>Bordet afirm\u00f3 que en la provincia se viene trabajando &#8220;con mucha responsabilidad para el ordenamiento de las cuentas p\u00fablicas. Lo hacemos con una administraci\u00f3n austera, cuidando los recursos para lograr el equilibrio fiscal y presupuestario. Pero tambi\u00e9n ejecutamos plenamente el presupuesto que tenemos para obra p\u00fablica porque hay que restringir lo que son gastos superfluos e innecesarios. Pero lo que no es gasto y es inversi\u00f3n es la obra p\u00fablica y la calidad de vida de los vecinos, e incluir socialmente a muchos entrerrianos que est\u00e1n fuera del sistema. La justicia social tiene que garantizarla el Estado no los mercados&#8221;.<\/p>\n<p>&nbsp;<\/p>\n<p>&#8220;Con estos objetivos y estas metas la convocatoria es trabajar en conjunto, poner de cada uno lo mejor. Si hacemos lo que nos corresponde y cumplimos con las tareas para las que nos convocaron, no tengo dudas que tendremos juntas de gobierno m\u00e1s pr\u00f3speras, municipios con m\u00e1s desarrollo, una provincia como la que aspiramos y una naci\u00f3n argentina como nos merecemos todos&#8221;, destac\u00f3 Bordet.<\/p>\n<p>&nbsp;<\/p>\n<p>Por otra parte, se\u00f1al\u00f3 que \u201ces motivo de mucha alegr\u00eda y emoci\u00f3n poder estar aqu\u00ed en la apertura de los sobres de esta obra\u201d, que es financiada por el Fondo Fiduciario para el Desarrollo Regional, a trav\u00e9s del Ministerio de Interior, con un cr\u00e9dito que adquiri\u00f3 la provincia.<\/p>\n<p>&nbsp;<\/p>\n<p>Al respecto, precis\u00f3 que se trata de \u201cun paquete de obras de saneamiento que tambi\u00e9n incluye la planta de agua de La Paz en un futuro; y una obra de tratamiento de efluentes en Federal, con la cual se llegar\u00eda pr\u00e1cticamente al 100 por ciento de cobertura de la poblaci\u00f3n\u201d.<\/p>\n<p>&nbsp;<\/p>\n<p>En materia de agua potable, hizo notar que \u201cadem\u00e1s estamos trabajando con la nueva planta potabilizadora de Concordia, que est\u00e1 para adjudicarse en estos d\u00edas; tenemos obras en marcha en plantas de Valle Mar\u00eda, Villa Urquiza y Hernandarias; y estamos tambi\u00e9n iniciando la obra en la planta potabilizadora de la ciudad de Col\u00f3n\u201d.<\/p>\n<p>&nbsp;<\/p>\n<p>Por otra parte, coment\u00f3 que est\u00e1 previsto licitar pr\u00f3ximamente un plan maestro en Paran\u00e1, para llevar agua potable dulce del r\u00edo a Colonia Avellaneda, Oro Verde y San Benito. \u201cEstamos trabajando en mejorar la calidad de vida a los entrerrianos y estas son obras que no se ven, pero que tienen un impacto decisivo en el d\u00eda a d\u00eda de la gente. Podemos prescindir de muchas cosas, pero no del agua potable que es el principal alimento que consumimos los seres humanos\u201d, subray\u00f3 el mandatario.<\/p>\n<p>&nbsp;<\/p>\n<p>&nbsp;<\/p>\n<p><strong>Defensas contra inundaciones <\/strong><\/p>\n<p>Respecto a Concepci\u00f3n del Uruguay, mencion\u00f3 que \u201cpudimos cumplir con el compromiso de licitar la Defensa Norte y la reparaci\u00f3n de la Defensa Sur, y el d\u00eda 21 de junio se estar\u00e1n abriendo los sobres de esta obra.<\/p>\n<p>Esto resulta fruto del esfuerzo en com\u00fan que venimos llevando con el gobierno nacional, porque tuvimos una emergencia muy grave cuando iniciamos la gesti\u00f3n con las crecidas del r\u00edo y estas son obras estructurales, que tienen a proteger a cientos de vecinos\u201d.<\/p>\n<p>&nbsp;<\/p>\n<p>\u201cEst\u00e1bamos hablando con el intendente de la amenaza que siempre trae el r\u00edo, justamente ahora estamos mirando el cielo para que no llueva porque si llueve m\u00e1s de lo previsto tendr\u00edamos que tener evacuados. Esta obra, justamente tiende a solucionar estructuralmente los problemas y Concepci\u00f3n del Uruguay no es un caso aislado, est\u00e1 tambi\u00e9n en ejecuci\u00f3n la defensa de Concordia y, pr\u00f3ximamente, estaremos terminando el proyecto ejecutivo de una gran obra que es la de Villa Paranacito, la ciudad que m\u00e1s sufri\u00f3 las inundaciones y que qued\u00f3 cercada por el r\u00edo Uruguay y la crecida del Paran\u00e1&#8221;, enumer\u00f3 el mandatario.<\/p>\n<p>&nbsp;<\/p>\n<p>El gobernador dijo que hay &#8220;mucho trabajo por delante y nos sentimos con todas las energ\u00edas y la plena capacidad porque vemos que hay un trabajo arm\u00f3nico que podemos realizar&#8221;.<\/p>\n<p>&nbsp;<\/p>\n<p>&nbsp;<\/p>\n<p><strong>Agradecimiento <\/strong><\/p>\n<p>El intendente Lauritto dijo que &#8220;este es un paso trascendente. Yo quiero ser agradecido porque hoy vamos a dar un paso importante que tiene que ver con la posibilidad de que muchos vecinos de la ciudad tengan mayor presi\u00f3n de agua y que el servicio sea una concreta realidad&#8221;.<\/p>\n<p>&nbsp;<\/p>\n<p>&#8220;Este, junto con la defensa costera norte, son los compromisos de esta gesti\u00f3n&#8221;, afirm\u00f3 Lauritto y agradeci\u00f3 al gobernador la visita.<\/p>\n<p>&nbsp;<\/p>\n<p>En el acto, estuvieron presentes, adem\u00e1s, el ministro de Econom\u00eda, Hugo Ballay; el ministro de Producci\u00f3n, Carlos Schepens; el ministro de Planeamiento, Luis Benedetto; el senador provincial Ren\u00e9 Bonatto; el diputado provincial Silvio Valenzuela; el consejero coordinador ejecutivo del Fondo Fiduciario Federal, Oscar Llanos; presidentes municipales y de juntas de gobierno de localidades vecinas; y dem\u00e1s funcionarios.<\/p>\n<p>&nbsp;<\/p>\n<p>&nbsp;<\/p>\n<p><strong>Aportes y firmas <\/strong><\/p>\n<p>En la ocasi\u00f3n tambi\u00e9n se entregaron aportes por 7,2 millones de pesos al municipio de Concepci\u00f3n del Uruguay; a juntas de gobierno, a clubes y cooperadoras de escuelas del departamento, entre otras entidades.<\/p>\n<p>&nbsp;<\/p>\n<p>Tambi\u00e9n se firm\u00f3 el convenio de cesi\u00f3n de un inmueble de la provincia al municipio para el camino costero y la isla del puerto.<\/p>\n<p>&nbsp;<\/p>\n<p>Adem\u00e1s, en el acto se firm\u00f3 el contrato con el municipio de Col\u00f3n para iniciar la obra de optimizaci\u00f3n y de provisi\u00f3n de agua potable en esa ciudad por 17,6 millones de pesos.<\/p>\n<p>&nbsp;<\/p>\n<p>Y Bordet firm\u00f3 el decreto que autoriza el llamado a licitaci\u00f3n para la construcci\u00f3n de la obra de defensa norte y reparaci\u00f3n defensa sur por 224.3 millones de pesos de La Hist\u00f3rica. Las ofertas se abrir\u00e1n el 21 de junio.<\/p>\n<p>&nbsp;<\/p>\n<p>&nbsp;<\/p>\n<p><strong>La obra <\/strong><\/p>\n<p>Este martes se abrieron los sobres con las ofertas para la segunda etapa del plan maestro de agua potable de Concepci\u00f3n del Uruguay, optimizaci\u00f3n de la red de distribuci\u00f3n y obras conexas, cisterna N\u00ba 2 e impulsi\u00f3n, cisterna y tanque N\u00ba 3.<\/p>\n<p>&nbsp;<\/p>\n<p>El Plan Maestro de Agua en Concepci\u00f3n del Uruguay ya culmin\u00f3 la primera etapa y se gestion\u00f3 financiamiento para la finalizaci\u00f3n. Esta segunda etapa prev\u00e9 la optimizaci\u00f3n de la red de distribuci\u00f3n y obras conexas, es decir, refuerzos y v\u00e1lvulas de la red de distribuci\u00f3n, la construcci\u00f3n de las cisternas N\u00b0 2 y N\u00ba 3 con sus respectivas estaciones de bombeo, adecuando las ca\u00f1er\u00edas y v\u00e1lvulas existentes y reemplazando por nuevas las necesarias, y de la cisterna.<\/p>\n<p>&nbsp;<\/p>\n<p>La obra comprende adem\u00e1s el reacondicionamiento de la instalaci\u00f3n el\u00e9ctrica del tanque elevado existente, la construcci\u00f3n y puesta en servicio de la Subestaci\u00f3n Transformadora A\u00e9rea (SETA) de alimentaci\u00f3n en B.T. y la construcci\u00f3n de un nuevo dep\u00f3sito de materiales, con una superficie aproximada de 264 m2.<\/p>\n<p>&nbsp;<\/p>\n<p>En la Red de Distribuci\u00f3n: Construcci\u00f3n de 13.866 metros de ca\u00f1er\u00eda de refuerzo en PVC de distintos di\u00e1metros y sus empalmes con las ca\u00f1er\u00edas existentes, incluido v\u00e1lvulas y piezas especiales para sectorizar la red de distribuci\u00f3n, como as\u00ed tambi\u00e9n la reposici\u00f3n de 100 v\u00e1lvulas sobre la ca\u00f1er\u00eda existente. Adem\u00e1s se contempla los trabajos de excavaci\u00f3n, relleno y compactaci\u00f3n de zanjas, refacci\u00f3n de pavimento y\/o veredas, reposici\u00f3n de espacio p\u00fablico afectado por las obras.<\/p>\n<p>&nbsp;<\/p>\n<p>Con esta obra se beneficiar\u00e1 principalmente a la zona oeste de la ciudad, tiene un presupuesto oficial de 140.307.192 pesos y es financiado por el Fondo Fiduciario Federal de Infraestructura Regional.<\/p>\n","protected":false},"excerpt":{"rendered":"<p>El gobernador Gustavo Bordet expres\u00f3 su compromiso de que un 3 por ciento del cr\u00e9dito internacional que tom\u00f3 la provincia por 350 millones de d\u00f3lares sea destinado a las juntas de gobierno para equipamiento y obra p\u00fablica. Lo anunci\u00f3 en Concepci\u00f3n del Uruguay junto al intendente Jos\u00e9 Lauritto. Es a partir de un pedido de legisladores de Cambiemos &nbsp; &nbsp; &nbsp; As\u00ed lo afirm\u00f3 durante el acto de apertura de sobres de la segunda etapa de la obra Plan Maestro de Agua Potable optimizaci\u00f3n de la red de distribuci\u00f3n y&#8230;<\/p>\n","protected":false},"author":3,"featured_media":12049,"comment_status":"closed","ping_status":"closed","sticky":false,"template":"","format":"standard","meta":[],"categories":[9,15],"tags":[],"_links":{"self":[{"href":"https:\/\/www.actualidadadiario.com\/index.php\/wp-json\/wp\/v2\/posts\/12048"}],"collection":[{"href":"https:\/\/www.actualidadadiario.com\/index.php\/wp-json\/wp\/v2\/posts"}],"about":[{"href":"https:\/\/www.actualidadadiario.com\/index.php\/wp-json\/wp\/v2\/types\/post"}],"author":[{"embeddable":true,"href":"https:\/\/www.actualidadadiario.com\/index.php\/wp-json\/wp\/v2\/users\/3"}],"replies":[{"embeddable":true,"href":"https:\/\/www.actualidadadiario.com\/index.php\/wp-json\/wp\/v2\/comments?post=12048"}],"version-history":[{"count":1,"href":"https:\/\/www.actualidadadiario.com\/index.php\/wp-json\/wp\/v2\/posts\/12048\/revisions"}],"predecessor-version":[{"id":12050,"href":"https:\/\/www.actualidadadiario.com\/index.php\/wp-json\/wp\/v2\/posts\/12048\/revisions\/12050"}],"wp:featuredmedia":[{"embeddable":true,"href":"https:\/\/www.actualidadadiario.com\/index.php\/wp-json\/wp\/v2\/media\/12049"}],"wp:attachment":[{"href":"https:\/\/www.actualidadadiario.com\/index.php\/wp-json\/wp\/v2\/media?parent=12048"}],"wp:term":[{"taxonomy":"category","embeddable":true,"href":"https:\/\/www.actualidadadiario.com\/index.php\/wp-json\/wp\/v2\/categories?post=12048"},{"taxonomy":"post_tag","embeddable":true,"href":"https:\/\/www.actualidadadiario.com\/index.php\/wp-json\/wp\/v2\/tags?post=12048"}],"curies":[{"name":"wp","href":"https:\/\/api.w.org\/{rel}","templated":true}]}}